{"id":30745,"date":"2019-06-28T10:59:19","date_gmt":"2019-06-28T13:59:19","guid":{"rendered":"http:\/\/www.radio94fm.net\/site\/?p=30745"},"modified":"2019-06-28T10:59:19","modified_gmt":"2019-06-28T13:59:19","slug":"mestre-de-yoga-lanca-livro-em-lavras-nesta-semana","status":"publish","type":"post","link":"https:\/\/radio94fm.net\/site\/mestre-de-yoga-lanca-livro-em-lavras-nesta-semana\/","title":{"rendered":"Mestre de Yoga lan\u00e7a livro em Lavras nesta semana"},"content":{"rendered":"<p><img decoding=\"async\" src=\"https:\/\/www.radio94fm.net\/site\/wp-content\/uploads\/2016\/12\/FIQUE-POR-DENTRO-BANNER-DENTRO-2.gif\"><\/p>\n<p>&nbsp;<\/p>\n<p>&nbsp;<\/p>\n<p><span style=\"font-weight: 400;\">Nesta quarta-feira, \u00e0s 18:30, acontece na Universidade Federal de Lavras uma palestra sobre Yoga com o Mestre Arnaldo, que \u00e9 um instrutor de Yoga de Ouro Preto que est\u00e1 vindo \u00e0 Lavras para lan\u00e7ar o seu livro \u201cShivam Yoga e \u00cdndia, Potencializando Sentidos\u201d. Clique abaixo para ouvir a mat\u00e9ria\u2026<\/span><\/p>\n<p>&nbsp;<\/p>\n<p>&nbsp;<\/p>\n<p>&nbsp;<\/p>\n<audio class=\"wp-audio-shortcode\" id=\"audio-30745-1\" preload=\"none\" style=\"width: 100%;\" controls=\"controls\"><source type=\"audio\/mpeg\" src=\"https:\/\/www.radio94fm.net\/site\/wp-content\/uploads\/2019\/06\/FPD-MESTRE-DE-YOGA-LANCA-LIVRO-NA-UFLA-25-06-19-Pedro.mp3?_=1\" \/><a href=\"https:\/\/www.radio94fm.net\/site\/wp-content\/uploads\/2019\/06\/FPD-MESTRE-DE-YOGA-LANCA-LIVRO-NA-UFLA-25-06-19-Pedro.mp3\">https:\/\/www.radio94fm.net\/site\/wp-content\/uploads\/2019\/06\/FPD-MESTRE-DE-YOGA-LANCA-LIVRO-NA-UFLA-25-06-19-Pedro.mp3<\/a><\/audio>\n<p>&nbsp;<\/p>\n<p>&nbsp;<\/p>\n<p>&nbsp;<\/p>\n<p>&nbsp;<\/p>\n<p><img loading=\"lazy\" decoding=\"async\" title=\"\" src=\"https:\/\/www.radio94fm.net\/site\/wp-content\/uploads\/2017\/05\/FIQUE-POR-DENTRO-HORARIO-6-1.gif\" alt=\"\" width=\"604\" height=\"144\"><\/p>\n","protected":false},"excerpt":{"rendered":"<p>&nbsp; &nbsp; Nesta quarta-feira, \u00e0s 18:30, acontece na Universidade Federal de Lavras uma palestra sobre Yoga com o Mestre Arnaldo, que \u00e9 um instrutor de Yoga de Ouro Preto que est\u00e1 vindo \u00e0 Lavras para lan\u00e7ar o seu livro \u201cShivam Yoga e \u00cdndia, Potencializando Sentidos\u201d. Clique abaixo para ouvir a mat\u00e9ria\u2026 &nbsp; &nbsp; &nbsp; &nbsp;&#8230;<\/p>\n","protected":false},"author":1,"featured_media":30747,"comment_status":"open","ping_status":"closed","sticky":false,"template":"","format":"standard","meta":{"ngg_post_thumbnail":0,"footnotes":""},"categories":[54],"tags":[],"class_list":["post-30745","post","type-post","status-publish","format-standard","has-post-thumbnail","hentry","category-fique-por-dentro","have-post-thumb"],"_links":{"self":[{"href":"https:\/\/radio94fm.net\/site\/wp-json\/wp\/v2\/posts\/30745","targetHints":{"allow":["GET"]}}],"collection":[{"href":"https:\/\/radio94fm.net\/site\/wp-json\/wp\/v2\/posts"}],"about":[{"href":"https:\/\/radio94fm.net\/site\/wp-json\/wp\/v2\/types\/post"}],"author":[{"embeddable":true,"href":"https:\/\/radio94fm.net\/site\/wp-json\/wp\/v2\/users\/1"}],"replies":[{"embeddable":true,"href":"https:\/\/radio94fm.net\/site\/wp-json\/wp\/v2\/comments?post=30745"}],"version-history":[{"count":0,"href":"https:\/\/radio94fm.net\/site\/wp-json\/wp\/v2\/posts\/30745\/revisions"}],"wp:attachment":[{"href":"https:\/\/radio94fm.net\/site\/wp-json\/wp\/v2\/media?parent=30745"}],"wp:term":[{"taxonomy":"category","embeddable":true,"href":"https:\/\/radio94fm.net\/site\/wp-json\/wp\/v2\/categories?post=30745"},{"taxonomy":"post_tag","embeddable":true,"href":"https:\/\/radio94fm.net\/site\/wp-json\/wp\/v2\/tags?post=30745"}],"curies":[{"name":"wp","href":"https:\/\/api.w.org\/{rel}","templated":true}]}}