{"id":30741,"date":"2019-06-28T10:57:08","date_gmt":"2019-06-28T13:57:08","guid":{"rendered":"http:\/\/www.radio94fm.net\/site\/?p=30741"},"modified":"2019-06-28T10:57:08","modified_gmt":"2019-06-28T13:57:08","slug":"encontro-de-veiculos-antigos-acontece-no-mes-de-julho-em-lavras","status":"publish","type":"post","link":"https:\/\/radio94fm.net\/site\/encontro-de-veiculos-antigos-acontece-no-mes-de-julho-em-lavras\/","title":{"rendered":"Encontro de ve\u00edculos antigos acontece no m\u00eas de julho em Lavras"},"content":{"rendered":"<p><img loading=\"lazy\" decoding=\"async\" title=\"\" src=\"https:\/\/www.radio94fm.net\/site\/wp-content\/uploads\/2016\/12\/FIQUE-POR-DENTRO-BANNER-DENTRO-2.gif\" alt=\"\" width=\"604\" height=\"80\"><\/p>\n<p>&nbsp;<\/p>\n<p>&nbsp;<\/p>\n<p>&nbsp;<\/p>\n<p><span style=\"font-weight: 400;\">No pr\u00f3ximo m\u00eas, nos dias 13 e 14, propriet\u00e1rios de carros antigos t\u00eam um encontro marcado no 11\u00ba Encontro Anual do Clube dos Ve\u00edculos Antigos de Lavras. Nesta edi\u00e7\u00e3o est\u00e3o sendo aguardados mais de 300 ve\u00edculos vindos de dezenas de cidades mineiras e at\u00e9 de fora do estado. Clique abaixo para ouvir a mat\u00e9ria\u2026<\/span><\/p>\n<p>&nbsp;<\/p>\n<p>&nbsp;<\/p>\n<p>&nbsp;<\/p>\n<audio class=\"wp-audio-shortcode\" id=\"audio-30741-1\" preload=\"none\" style=\"width: 100%;\" controls=\"controls\"><source type=\"audio\/mpeg\" src=\"https:\/\/www.radio94fm.net\/site\/wp-content\/uploads\/2019\/06\/FPD-ENCONTRO-CLUBE-VEICULOS-ANTIGOS-25-06-19-Pedro.mp3?_=1\" \/><a href=\"https:\/\/www.radio94fm.net\/site\/wp-content\/uploads\/2019\/06\/FPD-ENCONTRO-CLUBE-VEICULOS-ANTIGOS-25-06-19-Pedro.mp3\">https:\/\/www.radio94fm.net\/site\/wp-content\/uploads\/2019\/06\/FPD-ENCONTRO-CLUBE-VEICULOS-ANTIGOS-25-06-19-Pedro.mp3<\/a><\/audio>\n<p>&nbsp;<\/p>\n<p>&nbsp;<\/p>\n<p>&nbsp;<\/p>\n<p><img loading=\"lazy\" decoding=\"async\" title=\"\" src=\"https:\/\/www.radio94fm.net\/site\/wp-content\/uploads\/2017\/05\/FIQUE-POR-DENTRO-HORARIO-6-1.gif\" alt=\"\" width=\"604\" height=\"144\"><\/p>\n","protected":false},"excerpt":{"rendered":"<p>&nbsp; &nbsp; &nbsp; No pr\u00f3ximo m\u00eas, nos dias 13 e 14, propriet\u00e1rios de carros antigos t\u00eam um encontro marcado no 11\u00ba Encontro Anual do Clube dos Ve\u00edculos Antigos de Lavras. Nesta edi\u00e7\u00e3o est\u00e3o sendo aguardados mais de 300 ve\u00edculos vindos de dezenas de cidades mineiras e at\u00e9 de fora do estado. Clique abaixo para ouvir&#8230;<\/p>\n","protected":false},"author":1,"featured_media":30743,"comment_status":"open","ping_status":"closed","sticky":false,"template":"","format":"standard","meta":{"ngg_post_thumbnail":0,"footnotes":""},"categories":[54],"tags":[],"class_list":["post-30741","post","type-post","status-publish","format-standard","has-post-thumbnail","hentry","category-fique-por-dentro","have-post-thumb"],"_links":{"self":[{"href":"https:\/\/radio94fm.net\/site\/wp-json\/wp\/v2\/posts\/30741","targetHints":{"allow":["GET"]}}],"collection":[{"href":"https:\/\/radio94fm.net\/site\/wp-json\/wp\/v2\/posts"}],"about":[{"href":"https:\/\/radio94fm.net\/site\/wp-json\/wp\/v2\/types\/post"}],"author":[{"embeddable":true,"href":"https:\/\/radio94fm.net\/site\/wp-json\/wp\/v2\/users\/1"}],"replies":[{"embeddable":true,"href":"https:\/\/radio94fm.net\/site\/wp-json\/wp\/v2\/comments?post=30741"}],"version-history":[{"count":0,"href":"https:\/\/radio94fm.net\/site\/wp-json\/wp\/v2\/posts\/30741\/revisions"}],"wp:attachment":[{"href":"https:\/\/radio94fm.net\/site\/wp-json\/wp\/v2\/media?parent=30741"}],"wp:term":[{"taxonomy":"category","embeddable":true,"href":"https:\/\/radio94fm.net\/site\/wp-json\/wp\/v2\/categories?post=30741"},{"taxonomy":"post_tag","embeddable":true,"href":"https:\/\/radio94fm.net\/site\/wp-json\/wp\/v2\/tags?post=30741"}],"curies":[{"name":"wp","href":"https:\/\/api.w.org\/{rel}","templated":true}]}}