{"id":30711,"date":"2019-06-28T10:39:00","date_gmt":"2019-06-28T13:39:00","guid":{"rendered":"http:\/\/www.radio94fm.net\/site\/?p=30711"},"modified":"2019-06-28T10:39:00","modified_gmt":"2019-06-28T13:39:00","slug":"festival-beneficente-de-mpb-e-jazz-acontece-em-julho-em-lavras","status":"publish","type":"post","link":"https:\/\/radio94fm.net\/site\/festival-beneficente-de-mpb-e-jazz-acontece-em-julho-em-lavras\/","title":{"rendered":"Festival beneficente de Mpb e Jazz acontece em julho, em Lavras"},"content":{"rendered":"<p><img loading=\"lazy\" decoding=\"async\" title=\"\" src=\"https:\/\/www.radio94fm.net\/site\/wp-content\/uploads\/2016\/12\/FIQUE-POR-DENTRO-BANNER-DENTRO-2.gif\" alt=\"\" width=\"604\" height=\"80\"><\/p>\n<p>&nbsp;<\/p>\n<p>&nbsp;<\/p>\n<p>&nbsp;<\/p>\n<p><span style=\"font-weight: 400;\">No dia 4 do pr\u00f3ximo m\u00eas, acontecer\u00e1 no Espa\u00e7o Gran Finalle, o \u201c1\u00ba Lavras Mpb e Jazz Festival\u201d, com apresenta\u00e7\u00f5es dos m\u00fasicos Carlos Otto e Cabelinho da Lua. O projeto tem pre\u00e7os populares e car\u00e1ter beneficente, pois todo o lucro ser\u00e1 revertido para suprir necessidades de institui\u00e7\u00f5es da cidade. Clique abaixo para ouvir a mat\u00e9ria\u2026<\/span><\/p>\n<p>&nbsp;<\/p>\n<p>&nbsp;<\/p>\n<p>&nbsp;<\/p>\n<audio class=\"wp-audio-shortcode\" id=\"audio-30711-1\" preload=\"none\" style=\"width: 100%;\" controls=\"controls\"><source type=\"audio\/mpeg\" src=\"https:\/\/www.radio94fm.net\/site\/wp-content\/uploads\/2019\/06\/FPD-FESTIVAL-DE-MPB-E-JAZZ-14-06-19-Pedro.mp3?_=1\" \/><a href=\"https:\/\/www.radio94fm.net\/site\/wp-content\/uploads\/2019\/06\/FPD-FESTIVAL-DE-MPB-E-JAZZ-14-06-19-Pedro.mp3\">https:\/\/www.radio94fm.net\/site\/wp-content\/uploads\/2019\/06\/FPD-FESTIVAL-DE-MPB-E-JAZZ-14-06-19-Pedro.mp3<\/a><\/audio>\n<p>&nbsp;<\/p>\n<p>&nbsp;<\/p>\n<p>&nbsp;<\/p>\n<p><img loading=\"lazy\" decoding=\"async\" title=\"\" src=\"https:\/\/www.radio94fm.net\/site\/wp-content\/uploads\/2017\/05\/FIQUE-POR-DENTRO-HORARIO-6-1.gif\" alt=\"\" width=\"604\" height=\"144\"><\/p>\n","protected":false},"excerpt":{"rendered":"<p>&nbsp; &nbsp; &nbsp; No dia 4 do pr\u00f3ximo m\u00eas, acontecer\u00e1 no Espa\u00e7o Gran Finalle, o \u201c1\u00ba Lavras Mpb e Jazz Festival\u201d, com apresenta\u00e7\u00f5es dos m\u00fasicos Carlos Otto e Cabelinho da Lua. O projeto tem pre\u00e7os populares e car\u00e1ter beneficente, pois todo o lucro ser\u00e1 revertido para suprir necessidades de institui\u00e7\u00f5es da cidade. Clique abaixo para&#8230;<\/p>\n","protected":false},"author":1,"featured_media":30714,"comment_status":"open","ping_status":"closed","sticky":false,"template":"","format":"standard","meta":{"ngg_post_thumbnail":0,"footnotes":""},"categories":[54],"tags":[],"class_list":["post-30711","post","type-post","status-publish","format-standard","has-post-thumbnail","hentry","category-fique-por-dentro","have-post-thumb"],"_links":{"self":[{"href":"https:\/\/radio94fm.net\/site\/wp-json\/wp\/v2\/posts\/30711","targetHints":{"allow":["GET"]}}],"collection":[{"href":"https:\/\/radio94fm.net\/site\/wp-json\/wp\/v2\/posts"}],"about":[{"href":"https:\/\/radio94fm.net\/site\/wp-json\/wp\/v2\/types\/post"}],"author":[{"embeddable":true,"href":"https:\/\/radio94fm.net\/site\/wp-json\/wp\/v2\/users\/1"}],"replies":[{"embeddable":true,"href":"https:\/\/radio94fm.net\/site\/wp-json\/wp\/v2\/comments?post=30711"}],"version-history":[{"count":0,"href":"https:\/\/radio94fm.net\/site\/wp-json\/wp\/v2\/posts\/30711\/revisions"}],"wp:attachment":[{"href":"https:\/\/radio94fm.net\/site\/wp-json\/wp\/v2\/media?parent=30711"}],"wp:term":[{"taxonomy":"category","embeddable":true,"href":"https:\/\/radio94fm.net\/site\/wp-json\/wp\/v2\/categories?post=30711"},{"taxonomy":"post_tag","embeddable":true,"href":"https:\/\/radio94fm.net\/site\/wp-json\/wp\/v2\/tags?post=30711"}],"curies":[{"name":"wp","href":"https:\/\/api.w.org\/{rel}","templated":true}]}}