{"id":30707,"date":"2019-06-28T10:36:33","date_gmt":"2019-06-28T13:36:33","guid":{"rendered":"http:\/\/www.radio94fm.net\/site\/?p=30707"},"modified":"2019-06-28T10:36:33","modified_gmt":"2019-06-28T13:36:33","slug":"denuncias-de-violencia-contra-idosos-aumentaram-13-em-2018","status":"publish","type":"post","link":"https:\/\/radio94fm.net\/site\/denuncias-de-violencia-contra-idosos-aumentaram-13-em-2018\/","title":{"rendered":"Den\u00fancias de viol\u00eancia contra idosos aumentaram 13% em 2018"},"content":{"rendered":"<p><img decoding=\"async\" src=\"https:\/\/www.radio94fm.net\/site\/wp-content\/uploads\/2016\/12\/FIQUE-POR-DENTRO-BANNER-DENTRO-2.gif\"><\/p>\n<p>&nbsp;<\/p>\n<p>&nbsp;<\/p>\n<p><span style=\"font-weight: 400;\">O &#8220;Dia Mundial de Conscientiza\u00e7\u00e3o da Viol\u00eancia contra a Pessoa Idosa&#8221; aconteceu no \u00faltimo s\u00e1bado, dia 15 de junho, e no Brasil, a data tem especial relev\u00e2ncia j\u00e1 que o n\u00famero de den\u00fancias deste tipo de viol\u00eancia teve um aumento de 13% em 2018, segundo um levantamento feito pelo Minist\u00e9rio da Mulher, da Fam\u00edlia e dos Direitos Humanos. Clique abaixo para ouvir a mat\u00e9ria\u2026<\/span><\/p>\n<p>&nbsp;<\/p>\n<p>&nbsp;<\/p>\n<audio class=\"wp-audio-shortcode\" id=\"audio-30707-1\" preload=\"none\" style=\"width: 100%;\" controls=\"controls\"><source type=\"audio\/mpeg\" src=\"https:\/\/www.radio94fm.net\/site\/wp-content\/uploads\/2019\/06\/FPD-VIOLENCIA-CONTRA-IDOSOS-14-06-19-Pedro.mp3?_=1\" \/><a href=\"https:\/\/www.radio94fm.net\/site\/wp-content\/uploads\/2019\/06\/FPD-VIOLENCIA-CONTRA-IDOSOS-14-06-19-Pedro.mp3\">https:\/\/www.radio94fm.net\/site\/wp-content\/uploads\/2019\/06\/FPD-VIOLENCIA-CONTRA-IDOSOS-14-06-19-Pedro.mp3<\/a><\/audio>\n<p>&nbsp;<\/p>\n<p>&nbsp;<\/p>\n<p>&nbsp;<\/p>\n<p><img loading=\"lazy\" decoding=\"async\" title=\"\" src=\"https:\/\/www.radio94fm.net\/site\/wp-content\/uploads\/2017\/05\/FIQUE-POR-DENTRO-HORARIO-6-1.gif\" alt=\"\" width=\"604\" height=\"144\"><\/p>\n","protected":false},"excerpt":{"rendered":"<p>&nbsp; &nbsp; O &#8220;Dia Mundial de Conscientiza\u00e7\u00e3o da Viol\u00eancia contra a Pessoa Idosa&#8221; aconteceu no \u00faltimo s\u00e1bado, dia 15 de junho, e no Brasil, a data tem especial relev\u00e2ncia j\u00e1 que o n\u00famero de den\u00fancias deste tipo de viol\u00eancia teve um aumento de 13% em 2018, segundo um levantamento feito pelo Minist\u00e9rio da Mulher, da&#8230;<\/p>\n","protected":false},"author":1,"featured_media":30709,"comment_status":"open","ping_status":"closed","sticky":false,"template":"","format":"standard","meta":{"ngg_post_thumbnail":0,"footnotes":""},"categories":[54],"tags":[],"class_list":["post-30707","post","type-post","status-publish","format-standard","has-post-thumbnail","hentry","category-fique-por-dentro","have-post-thumb"],"_links":{"self":[{"href":"https:\/\/radio94fm.net\/site\/wp-json\/wp\/v2\/posts\/30707","targetHints":{"allow":["GET"]}}],"collection":[{"href":"https:\/\/radio94fm.net\/site\/wp-json\/wp\/v2\/posts"}],"about":[{"href":"https:\/\/radio94fm.net\/site\/wp-json\/wp\/v2\/types\/post"}],"author":[{"embeddable":true,"href":"https:\/\/radio94fm.net\/site\/wp-json\/wp\/v2\/users\/1"}],"replies":[{"embeddable":true,"href":"https:\/\/radio94fm.net\/site\/wp-json\/wp\/v2\/comments?post=30707"}],"version-history":[{"count":0,"href":"https:\/\/radio94fm.net\/site\/wp-json\/wp\/v2\/posts\/30707\/revisions"}],"wp:attachment":[{"href":"https:\/\/radio94fm.net\/site\/wp-json\/wp\/v2\/media?parent=30707"}],"wp:term":[{"taxonomy":"category","embeddable":true,"href":"https:\/\/radio94fm.net\/site\/wp-json\/wp\/v2\/categories?post=30707"},{"taxonomy":"post_tag","embeddable":true,"href":"https:\/\/radio94fm.net\/site\/wp-json\/wp\/v2\/tags?post=30707"}],"curies":[{"name":"wp","href":"https:\/\/api.w.org\/{rel}","templated":true}]}}