{"id":30672,"date":"2019-06-12T17:27:00","date_gmt":"2019-06-12T20:27:00","guid":{"rendered":"http:\/\/www.radio94fm.net\/site\/?p=30672"},"modified":"2019-06-12T17:27:00","modified_gmt":"2019-06-12T20:27:00","slug":"proibicao-de-alimentos-prejudiciais-a-saude-passa-a-valer-a-partir-do-dia-24-nas-escolas-de-minas","status":"publish","type":"post","link":"https:\/\/radio94fm.net\/site\/proibicao-de-alimentos-prejudiciais-a-saude-passa-a-valer-a-partir-do-dia-24-nas-escolas-de-minas\/","title":{"rendered":"Proibi\u00e7\u00e3o de alimentos prejudiciais \u00e0 sa\u00fade passa a valer a partir do dia 24 nas escolas de Minas"},"content":{"rendered":"<p><img decoding=\"async\" src=\"https:\/\/www.radio94fm.net\/site\/wp-content\/uploads\/2016\/12\/FIQUE-POR-DENTRO-BANNER-DENTRO-2.gif\"><\/p>\n<p>&nbsp;<\/p>\n<p>&nbsp;<\/p>\n<p><span style=\"font-weight: 400;\">A partir do dia 24 deste m\u00eas, uma s\u00e9rie de alimentos considerados prejudiciais para a sa\u00fade das crian\u00e7as e adolescentes ter\u00e3o sua venda proibida nos ambientes escolares. A lei estadual vale tanto para escolas p\u00fablicas como para as particulares e atinge as lanchonetes que ficam dentro das escolas, mesmo que sejam terceirizadas. Clique abaixo para ouvir a mat\u00e9ria\u2026<\/span><\/p>\n<p>&nbsp;<\/p>\n<p>&nbsp;<\/p>\n<p>&nbsp;<\/p>\n<audio class=\"wp-audio-shortcode\" id=\"audio-30672-1\" preload=\"none\" style=\"width: 100%;\" controls=\"controls\"><source type=\"audio\/mpeg\" src=\"https:\/\/www.radio94fm.net\/site\/wp-content\/uploads\/2019\/06\/FPD-PAIS-E-OS-ALIMENTOS-PREJUDICIAIS-NAS-ESCOLAS-10-06-19-Pedro.mp3?_=1\" \/><a href=\"https:\/\/www.radio94fm.net\/site\/wp-content\/uploads\/2019\/06\/FPD-PAIS-E-OS-ALIMENTOS-PREJUDICIAIS-NAS-ESCOLAS-10-06-19-Pedro.mp3\">https:\/\/www.radio94fm.net\/site\/wp-content\/uploads\/2019\/06\/FPD-PAIS-E-OS-ALIMENTOS-PREJUDICIAIS-NAS-ESCOLAS-10-06-19-Pedro.mp3<\/a><\/audio>\n<p>&nbsp;<\/p>\n<p>&nbsp;<\/p>\n<p><img loading=\"lazy\" decoding=\"async\" title=\"\" src=\"https:\/\/www.radio94fm.net\/site\/wp-content\/uploads\/2017\/05\/FIQUE-POR-DENTRO-HORARIO-6-1.gif\" alt=\"\" width=\"604\" height=\"144\"><\/p>\n","protected":false},"excerpt":{"rendered":"<p>&nbsp; &nbsp; A partir do dia 24 deste m\u00eas, uma s\u00e9rie de alimentos considerados prejudiciais para a sa\u00fade das crian\u00e7as e adolescentes ter\u00e3o sua venda proibida nos ambientes escolares. A lei estadual vale tanto para escolas p\u00fablicas como para as particulares e atinge as lanchonetes que ficam dentro das escolas, mesmo que sejam terceirizadas. Clique&#8230;<\/p>\n","protected":false},"author":1,"featured_media":30674,"comment_status":"open","ping_status":"closed","sticky":false,"template":"","format":"standard","meta":{"ngg_post_thumbnail":0,"footnotes":""},"categories":[54],"tags":[],"class_list":["post-30672","post","type-post","status-publish","format-standard","has-post-thumbnail","hentry","category-fique-por-dentro","have-post-thumb"],"_links":{"self":[{"href":"https:\/\/radio94fm.net\/site\/wp-json\/wp\/v2\/posts\/30672","targetHints":{"allow":["GET"]}}],"collection":[{"href":"https:\/\/radio94fm.net\/site\/wp-json\/wp\/v2\/posts"}],"about":[{"href":"https:\/\/radio94fm.net\/site\/wp-json\/wp\/v2\/types\/post"}],"author":[{"embeddable":true,"href":"https:\/\/radio94fm.net\/site\/wp-json\/wp\/v2\/users\/1"}],"replies":[{"embeddable":true,"href":"https:\/\/radio94fm.net\/site\/wp-json\/wp\/v2\/comments?post=30672"}],"version-history":[{"count":0,"href":"https:\/\/radio94fm.net\/site\/wp-json\/wp\/v2\/posts\/30672\/revisions"}],"wp:attachment":[{"href":"https:\/\/radio94fm.net\/site\/wp-json\/wp\/v2\/media?parent=30672"}],"wp:term":[{"taxonomy":"category","embeddable":true,"href":"https:\/\/radio94fm.net\/site\/wp-json\/wp\/v2\/categories?post=30672"},{"taxonomy":"post_tag","embeddable":true,"href":"https:\/\/radio94fm.net\/site\/wp-json\/wp\/v2\/tags?post=30672"}],"curies":[{"name":"wp","href":"https:\/\/api.w.org\/{rel}","templated":true}]}}