{"id":30653,"date":"2019-05-30T15:37:49","date_gmt":"2019-05-30T18:37:49","guid":{"rendered":"http:\/\/www.radio94fm.net\/site\/?p=30653"},"modified":"2019-05-30T15:37:49","modified_gmt":"2019-05-30T18:37:49","slug":"prefeito-fala-sobre-obra-de-construcao-de-um-retorno-para-o-bairro-fonte-verde","status":"publish","type":"post","link":"https:\/\/radio94fm.net\/site\/prefeito-fala-sobre-obra-de-construcao-de-um-retorno-para-o-bairro-fonte-verde\/","title":{"rendered":"Prefeito fala sobre obra de constru\u00e7\u00e3o de um retorno para o bairro Fonte Verde"},"content":{"rendered":"<p><img decoding=\"async\" src=\"https:\/\/www.radio94fm.net\/site\/wp-content\/uploads\/2016\/12\/FIQUE-POR-DENTRO-BANNER-DENTRO-2.gif\"><\/p>\n<p>&nbsp;<\/p>\n<p>&nbsp;<\/p>\n<p>&nbsp;<\/p>\n<p><span style=\"font-weight: 400;\">A obra de constru\u00e7\u00e3o de um retorno operacional na entrada do bairro Fonte Verde em Lavras \u00e9 uma reivindica\u00e7\u00e3o dos moradores daquela regi\u00e3o desde sua funda\u00e7\u00e3o, em 2014. Hoje, para entrar no bairro, um ve\u00edculo motorizado precisa se deslocar por cerca de seis quil\u00f4metros. Clique abaixo para ouvir a mat\u00e9ria\u2026<\/span><\/p>\n<p>&nbsp;<\/p>\n<p>&nbsp;<\/p>\n<p>&nbsp;<\/p>\n<audio class=\"wp-audio-shortcode\" id=\"audio-30653-1\" preload=\"none\" style=\"width: 100%;\" controls=\"controls\"><source type=\"audio\/mpeg\" src=\"https:\/\/www.radio94fm.net\/site\/wp-content\/uploads\/2019\/05\/FPD-OBRA-RETORNO-NO-FONTE-VERDE-28-05-19-Pedro.mp3?_=1\" \/><a href=\"https:\/\/www.radio94fm.net\/site\/wp-content\/uploads\/2019\/05\/FPD-OBRA-RETORNO-NO-FONTE-VERDE-28-05-19-Pedro.mp3\">https:\/\/www.radio94fm.net\/site\/wp-content\/uploads\/2019\/05\/FPD-OBRA-RETORNO-NO-FONTE-VERDE-28-05-19-Pedro.mp3<\/a><\/audio>\n<p>&nbsp;<\/p>\n<p>&nbsp;<\/p>\n<p>&nbsp;<\/p>\n<p><img loading=\"lazy\" decoding=\"async\" title=\"\" src=\"https:\/\/www.radio94fm.net\/site\/wp-content\/uploads\/2017\/05\/FIQUE-POR-DENTRO-HORARIO-6-1.gif\" alt=\"\" width=\"604\" height=\"144\"><\/p>\n","protected":false},"excerpt":{"rendered":"<p>&nbsp; &nbsp; &nbsp; A obra de constru\u00e7\u00e3o de um retorno operacional na entrada do bairro Fonte Verde em Lavras \u00e9 uma reivindica\u00e7\u00e3o dos moradores daquela regi\u00e3o desde sua funda\u00e7\u00e3o, em 2014. Hoje, para entrar no bairro, um ve\u00edculo motorizado precisa se deslocar por cerca de seis quil\u00f4metros. Clique abaixo para ouvir a mat\u00e9ria\u2026 &nbsp; &nbsp;&#8230;<\/p>\n","protected":false},"author":1,"featured_media":30655,"comment_status":"open","ping_status":"closed","sticky":false,"template":"","format":"standard","meta":{"ngg_post_thumbnail":0,"footnotes":""},"categories":[54],"tags":[],"class_list":["post-30653","post","type-post","status-publish","format-standard","has-post-thumbnail","hentry","category-fique-por-dentro","have-post-thumb"],"_links":{"self":[{"href":"https:\/\/radio94fm.net\/site\/wp-json\/wp\/v2\/posts\/30653","targetHints":{"allow":["GET"]}}],"collection":[{"href":"https:\/\/radio94fm.net\/site\/wp-json\/wp\/v2\/posts"}],"about":[{"href":"https:\/\/radio94fm.net\/site\/wp-json\/wp\/v2\/types\/post"}],"author":[{"embeddable":true,"href":"https:\/\/radio94fm.net\/site\/wp-json\/wp\/v2\/users\/1"}],"replies":[{"embeddable":true,"href":"https:\/\/radio94fm.net\/site\/wp-json\/wp\/v2\/comments?post=30653"}],"version-history":[{"count":0,"href":"https:\/\/radio94fm.net\/site\/wp-json\/wp\/v2\/posts\/30653\/revisions"}],"wp:attachment":[{"href":"https:\/\/radio94fm.net\/site\/wp-json\/wp\/v2\/media?parent=30653"}],"wp:term":[{"taxonomy":"category","embeddable":true,"href":"https:\/\/radio94fm.net\/site\/wp-json\/wp\/v2\/categories?post=30653"},{"taxonomy":"post_tag","embeddable":true,"href":"https:\/\/radio94fm.net\/site\/wp-json\/wp\/v2\/tags?post=30653"}],"curies":[{"name":"wp","href":"https:\/\/api.w.org\/{rel}","templated":true}]}}