{"id":30592,"date":"2019-05-27T13:27:46","date_gmt":"2019-05-27T16:27:46","guid":{"rendered":"http:\/\/www.radio94fm.net\/site\/?p=30592"},"modified":"2019-05-27T13:27:46","modified_gmt":"2019-05-27T16:27:46","slug":"prefeito-fala-sobre-duplicacao-da-ponte-branca-e-dos-proximos-projetos-e-obras-que-acontecerao-na-cidade","status":"publish","type":"post","link":"https:\/\/radio94fm.net\/site\/prefeito-fala-sobre-duplicacao-da-ponte-branca-e-dos-proximos-projetos-e-obras-que-acontecerao-na-cidade\/","title":{"rendered":"Prefeito fala sobre duplica\u00e7\u00e3o da Ponte Branca e dos pr\u00f3ximos projetos e obras que acontecer\u00e3o na cidade"},"content":{"rendered":"<p><img decoding=\"async\" src=\"https:\/\/www.radio94fm.net\/site\/wp-content\/uploads\/2016\/12\/FIQUE-POR-DENTRO-BANNER-DENTRO-2.gif\"><\/p>\n<p>&nbsp;<\/p>\n<p>&nbsp;<\/p>\n<p><span style=\"font-weight: 400;\">No \u00faltimo s\u00e1bado, dia 18, aconteceu a inaugura\u00e7\u00e3o da obra de duplica\u00e7\u00e3o da &#8220;Ponte Branca&#8221;. Com um custo de R$1.289.000, a obra realizada com recursos municipais trouxe mais seguran\u00e7a para os pedestres e promete desafogar o tr\u00e2nsito no centro da cidade. Clique abaixo para ouvir a mat\u00e9ria\u2026<\/span><\/p>\n<p>&nbsp;<\/p>\n<p>&nbsp;<\/p>\n<audio class=\"wp-audio-shortcode\" id=\"audio-30592-1\" preload=\"none\" style=\"width: 100%;\" controls=\"controls\"><source type=\"audio\/mpeg\" src=\"https:\/\/www.radio94fm.net\/site\/wp-content\/uploads\/2019\/05\/FPD-PREFEITO-FALA-SOBRE-A-PONTE-BRANCA-22-05-19-Pedro.mp3?_=1\" \/><a href=\"https:\/\/www.radio94fm.net\/site\/wp-content\/uploads\/2019\/05\/FPD-PREFEITO-FALA-SOBRE-A-PONTE-BRANCA-22-05-19-Pedro.mp3\">https:\/\/www.radio94fm.net\/site\/wp-content\/uploads\/2019\/05\/FPD-PREFEITO-FALA-SOBRE-A-PONTE-BRANCA-22-05-19-Pedro.mp3<\/a><\/audio>\n<p>&nbsp;<\/p>\n<p>&nbsp;<\/p>\n<p>&nbsp;<\/p>\n<p><img loading=\"lazy\" decoding=\"async\" title=\"\" src=\"https:\/\/www.radio94fm.net\/site\/wp-content\/uploads\/2017\/05\/FIQUE-POR-DENTRO-HORARIO-6-1.gif\" alt=\"\" width=\"604\" height=\"144\"><\/p>\n","protected":false},"excerpt":{"rendered":"<p>&nbsp; &nbsp; No \u00faltimo s\u00e1bado, dia 18, aconteceu a inaugura\u00e7\u00e3o da obra de duplica\u00e7\u00e3o da &#8220;Ponte Branca&#8221;. Com um custo de R$1.289.000, a obra realizada com recursos municipais trouxe mais seguran\u00e7a para os pedestres e promete desafogar o tr\u00e2nsito no centro da cidade. Clique abaixo para ouvir a mat\u00e9ria\u2026 &nbsp; &nbsp; &nbsp; &nbsp; &nbsp;<\/p>\n","protected":false},"author":1,"featured_media":30594,"comment_status":"open","ping_status":"closed","sticky":false,"template":"","format":"standard","meta":{"ngg_post_thumbnail":0,"footnotes":""},"categories":[54],"tags":[],"class_list":["post-30592","post","type-post","status-publish","format-standard","has-post-thumbnail","hentry","category-fique-por-dentro","have-post-thumb"],"_links":{"self":[{"href":"https:\/\/radio94fm.net\/site\/wp-json\/wp\/v2\/posts\/30592","targetHints":{"allow":["GET"]}}],"collection":[{"href":"https:\/\/radio94fm.net\/site\/wp-json\/wp\/v2\/posts"}],"about":[{"href":"https:\/\/radio94fm.net\/site\/wp-json\/wp\/v2\/types\/post"}],"author":[{"embeddable":true,"href":"https:\/\/radio94fm.net\/site\/wp-json\/wp\/v2\/users\/1"}],"replies":[{"embeddable":true,"href":"https:\/\/radio94fm.net\/site\/wp-json\/wp\/v2\/comments?post=30592"}],"version-history":[{"count":0,"href":"https:\/\/radio94fm.net\/site\/wp-json\/wp\/v2\/posts\/30592\/revisions"}],"wp:attachment":[{"href":"https:\/\/radio94fm.net\/site\/wp-json\/wp\/v2\/media?parent=30592"}],"wp:term":[{"taxonomy":"category","embeddable":true,"href":"https:\/\/radio94fm.net\/site\/wp-json\/wp\/v2\/categories?post=30592"},{"taxonomy":"post_tag","embeddable":true,"href":"https:\/\/radio94fm.net\/site\/wp-json\/wp\/v2\/tags?post=30592"}],"curies":[{"name":"wp","href":"https:\/\/api.w.org\/{rel}","templated":true}]}}