{"id":30588,"date":"2019-05-27T13:23:32","date_gmt":"2019-05-27T16:23:32","guid":{"rendered":"http:\/\/www.radio94fm.net\/site\/?p=30588"},"modified":"2019-05-27T13:23:32","modified_gmt":"2019-05-27T16:23:32","slug":"colegio-tiradentes-de-lavras-fica-em-1o-lugar-no-proeb-em-minas","status":"publish","type":"post","link":"https:\/\/radio94fm.net\/site\/colegio-tiradentes-de-lavras-fica-em-1o-lugar-no-proeb-em-minas\/","title":{"rendered":"Col\u00e9gio Tiradentes de Lavras fica em 1\u00ba lugar no Proeb em Minas"},"content":{"rendered":"<p><img decoding=\"async\" src=\"https:\/\/www.radio94fm.net\/site\/wp-content\/uploads\/2016\/12\/FIQUE-POR-DENTRO-BANNER-DENTRO-2.gif\"><\/p>\n<p>&nbsp;<\/p>\n<p>&nbsp;<\/p>\n<p>&nbsp;<\/p>\n<p><span style=\"font-weight: 400;\">O Col\u00e9gio Tiradentes de Lavras conquistou o 1\u00ba lugar no Programa de Avalia\u00e7\u00e3o da Rede P\u00fablica de Educa\u00e7\u00e3o B\u00e1sica, o PROEB. A vit\u00f3ria, referente a avalia\u00e7\u00e3o do ensino na escola em 2018, \u00e9 ainda mais impressionante ao se saber que outras 9400 escolas estaduais e municipais do estado tamb\u00e9m est\u00e3o fazendo parte deste ranking. Clique abaixo para ouvir a mat\u00e9ria\u2026<\/span><\/p>\n<p>&nbsp;<\/p>\n<p>&nbsp;<\/p>\n<p>&nbsp;<\/p>\n<audio class=\"wp-audio-shortcode\" id=\"audio-30588-1\" preload=\"none\" style=\"width: 100%;\" controls=\"controls\"><source type=\"audio\/mpeg\" src=\"https:\/\/www.radio94fm.net\/site\/wp-content\/uploads\/2019\/05\/FPD-TIRADENTES-PRIMEIRO-NO-PROEB-23-05-19-Pedro.mp3?_=1\" \/><a href=\"https:\/\/www.radio94fm.net\/site\/wp-content\/uploads\/2019\/05\/FPD-TIRADENTES-PRIMEIRO-NO-PROEB-23-05-19-Pedro.mp3\">https:\/\/www.radio94fm.net\/site\/wp-content\/uploads\/2019\/05\/FPD-TIRADENTES-PRIMEIRO-NO-PROEB-23-05-19-Pedro.mp3<\/a><\/audio>\n<p>&nbsp;<\/p>\n<p>&nbsp;<\/p>\n<p>&nbsp;<\/p>\n<p><img loading=\"lazy\" decoding=\"async\" title=\"\" src=\"https:\/\/www.radio94fm.net\/site\/wp-content\/uploads\/2017\/05\/FIQUE-POR-DENTRO-HORARIO-6-1.gif\" alt=\"\" width=\"604\" height=\"144\"><\/p>\n","protected":false},"excerpt":{"rendered":"<p>&nbsp; &nbsp; &nbsp; O Col\u00e9gio Tiradentes de Lavras conquistou o 1\u00ba lugar no Programa de Avalia\u00e7\u00e3o da Rede P\u00fablica de Educa\u00e7\u00e3o B\u00e1sica, o PROEB. A vit\u00f3ria, referente a avalia\u00e7\u00e3o do ensino na escola em 2018, \u00e9 ainda mais impressionante ao se saber que outras 9400 escolas estaduais e municipais do estado tamb\u00e9m est\u00e3o fazendo parte&#8230;<\/p>\n","protected":false},"author":1,"featured_media":30590,"comment_status":"open","ping_status":"closed","sticky":false,"template":"","format":"standard","meta":{"ngg_post_thumbnail":0,"footnotes":""},"categories":[54],"tags":[],"class_list":["post-30588","post","type-post","status-publish","format-standard","has-post-thumbnail","hentry","category-fique-por-dentro","have-post-thumb"],"_links":{"self":[{"href":"https:\/\/radio94fm.net\/site\/wp-json\/wp\/v2\/posts\/30588","targetHints":{"allow":["GET"]}}],"collection":[{"href":"https:\/\/radio94fm.net\/site\/wp-json\/wp\/v2\/posts"}],"about":[{"href":"https:\/\/radio94fm.net\/site\/wp-json\/wp\/v2\/types\/post"}],"author":[{"embeddable":true,"href":"https:\/\/radio94fm.net\/site\/wp-json\/wp\/v2\/users\/1"}],"replies":[{"embeddable":true,"href":"https:\/\/radio94fm.net\/site\/wp-json\/wp\/v2\/comments?post=30588"}],"version-history":[{"count":0,"href":"https:\/\/radio94fm.net\/site\/wp-json\/wp\/v2\/posts\/30588\/revisions"}],"wp:attachment":[{"href":"https:\/\/radio94fm.net\/site\/wp-json\/wp\/v2\/media?parent=30588"}],"wp:term":[{"taxonomy":"category","embeddable":true,"href":"https:\/\/radio94fm.net\/site\/wp-json\/wp\/v2\/categories?post=30588"},{"taxonomy":"post_tag","embeddable":true,"href":"https:\/\/radio94fm.net\/site\/wp-json\/wp\/v2\/tags?post=30588"}],"curies":[{"name":"wp","href":"https:\/\/api.w.org\/{rel}","templated":true}]}}