{"id":30584,"date":"2019-05-27T13:20:22","date_gmt":"2019-05-27T16:20:22","guid":{"rendered":"http:\/\/www.radio94fm.net\/site\/?p=30584"},"modified":"2019-05-27T13:20:22","modified_gmt":"2019-05-27T16:20:22","slug":"primeiro-pet-day-do-unilavras-acontece-no-proximo-domingo","status":"publish","type":"post","link":"https:\/\/radio94fm.net\/site\/primeiro-pet-day-do-unilavras-acontece-no-proximo-domingo\/","title":{"rendered":"Primeiro Pet Day do Unilavras acontece no pr\u00f3ximo domingo"},"content":{"rendered":"<p><img decoding=\"async\" src=\"https:\/\/www.radio94fm.net\/site\/wp-content\/uploads\/2016\/12\/FIQUE-POR-DENTRO-BANNER-DENTRO-2.gif\"><\/p>\n<p>&nbsp;<\/p>\n<p>&nbsp;<\/p>\n<p>&nbsp;<\/p>\n<p><span style=\"font-weight: 400;\">No pr\u00f3ximo domingo, dia 26, ser\u00e1 realizada o Primeiro Pet Day do Unilavras junto com a C\u00e3ominhada Solid\u00e1ria. O evento \u00e9 organizado pelo Grupo de Estudo em Pequenos Animais do curso de Medicina Veterin\u00e1ria e tem concentra\u00e7\u00e3o marcada para \u00e0s 8 horas da manh\u00e3 na Pra\u00e7a Doutor Augusto Silva.<\/span><\/p>\n<p>&nbsp;<\/p>\n<p>&nbsp;<\/p>\n<audio class=\"wp-audio-shortcode\" id=\"audio-30584-1\" preload=\"none\" style=\"width: 100%;\" controls=\"controls\"><source type=\"audio\/mpeg\" src=\"https:\/\/www.radio94fm.net\/site\/wp-content\/uploads\/2019\/05\/FPD-PET-DAY-DO-UNILAVRAS-20-05-19-Adelina.mp3?_=1\" \/><a href=\"https:\/\/www.radio94fm.net\/site\/wp-content\/uploads\/2019\/05\/FPD-PET-DAY-DO-UNILAVRAS-20-05-19-Adelina.mp3\">https:\/\/www.radio94fm.net\/site\/wp-content\/uploads\/2019\/05\/FPD-PET-DAY-DO-UNILAVRAS-20-05-19-Adelina.mp3<\/a><\/audio>\n<p>&nbsp;<\/p>\n<p>&nbsp;<\/p>\n<p><img loading=\"lazy\" decoding=\"async\" title=\"\" src=\"https:\/\/www.radio94fm.net\/site\/wp-content\/uploads\/2017\/05\/FIQUE-POR-DENTRO-HORARIO-6-1.gif\" alt=\"\" width=\"604\" height=\"144\"><\/p>\n","protected":false},"excerpt":{"rendered":"<p>&nbsp; &nbsp; &nbsp; No pr\u00f3ximo domingo, dia 26, ser\u00e1 realizada o Primeiro Pet Day do Unilavras junto com a C\u00e3ominhada Solid\u00e1ria. O evento \u00e9 organizado pelo Grupo de Estudo em Pequenos Animais do curso de Medicina Veterin\u00e1ria e tem concentra\u00e7\u00e3o marcada para \u00e0s 8 horas da manh\u00e3 na Pra\u00e7a Doutor Augusto Silva. &nbsp; &nbsp; &nbsp;&#8230;<\/p>\n","protected":false},"author":1,"featured_media":30586,"comment_status":"open","ping_status":"closed","sticky":false,"template":"","format":"standard","meta":{"ngg_post_thumbnail":0,"footnotes":""},"categories":[54],"tags":[],"class_list":["post-30584","post","type-post","status-publish","format-standard","has-post-thumbnail","hentry","category-fique-por-dentro","have-post-thumb"],"_links":{"self":[{"href":"https:\/\/radio94fm.net\/site\/wp-json\/wp\/v2\/posts\/30584","targetHints":{"allow":["GET"]}}],"collection":[{"href":"https:\/\/radio94fm.net\/site\/wp-json\/wp\/v2\/posts"}],"about":[{"href":"https:\/\/radio94fm.net\/site\/wp-json\/wp\/v2\/types\/post"}],"author":[{"embeddable":true,"href":"https:\/\/radio94fm.net\/site\/wp-json\/wp\/v2\/users\/1"}],"replies":[{"embeddable":true,"href":"https:\/\/radio94fm.net\/site\/wp-json\/wp\/v2\/comments?post=30584"}],"version-history":[{"count":0,"href":"https:\/\/radio94fm.net\/site\/wp-json\/wp\/v2\/posts\/30584\/revisions"}],"wp:attachment":[{"href":"https:\/\/radio94fm.net\/site\/wp-json\/wp\/v2\/media?parent=30584"}],"wp:term":[{"taxonomy":"category","embeddable":true,"href":"https:\/\/radio94fm.net\/site\/wp-json\/wp\/v2\/categories?post=30584"},{"taxonomy":"post_tag","embeddable":true,"href":"https:\/\/radio94fm.net\/site\/wp-json\/wp\/v2\/tags?post=30584"}],"curies":[{"name":"wp","href":"https:\/\/api.w.org\/{rel}","templated":true}]}}