{"id":30568,"date":"2019-05-20T15:51:03","date_gmt":"2019-05-20T18:51:03","guid":{"rendered":"http:\/\/www.radio94fm.net\/site\/?p=30568"},"modified":"2019-05-20T15:51:03","modified_gmt":"2019-05-20T18:51:03","slug":"grupo-de-motociclistas-esta-realizando-sua-1a-campanha-do-agasalho","status":"publish","type":"post","link":"https:\/\/radio94fm.net\/site\/grupo-de-motociclistas-esta-realizando-sua-1a-campanha-do-agasalho\/","title":{"rendered":"Grupo de motociclistas est\u00e1 realizando sua &#8220;1\u00aa Campanha do Agasalho&#8221;"},"content":{"rendered":"<p><img decoding=\"async\" src=\"https:\/\/www.radio94fm.net\/site\/wp-content\/uploads\/2016\/12\/FIQUE-POR-DENTRO-BANNER-DENTRO-2.gif\"><\/p>\n<p>&nbsp;<\/p>\n<p>&nbsp;<\/p>\n<p>&nbsp;<\/p>\n<p><span style=\"font-weight: 400;\">O grupo de motociclismo &#8220;Scout&#8217;s Moto Amigos&#8221; de Lavras est\u00e1 realizando sua &#8220;1\u00aa Campanha do Agasalho&#8221;, com arrecada\u00e7\u00e3o de vestu\u00e1rio de inverno em benef\u00edcio das institui\u00e7\u00f5es sociais da cidade, como o Asilo, a Casa do Vov\u00f4 e o Lar e Vida. Clique abaixo para ouvir a mat\u00e9ria\u2026<\/span><\/p>\n<p>&nbsp;<\/p>\n<p>&nbsp;<\/p>\n<audio class=\"wp-audio-shortcode\" id=\"audio-30568-1\" preload=\"none\" style=\"width: 100%;\" controls=\"controls\"><source type=\"audio\/mpeg\" src=\"https:\/\/www.radio94fm.net\/site\/wp-content\/uploads\/2019\/05\/FPD-CAMP-AGASALHO-SCOUTS-MOTO-AMIGOS-20-05-19-Pedro.mp3?_=1\" \/><a href=\"https:\/\/www.radio94fm.net\/site\/wp-content\/uploads\/2019\/05\/FPD-CAMP-AGASALHO-SCOUTS-MOTO-AMIGOS-20-05-19-Pedro.mp3\">https:\/\/www.radio94fm.net\/site\/wp-content\/uploads\/2019\/05\/FPD-CAMP-AGASALHO-SCOUTS-MOTO-AMIGOS-20-05-19-Pedro.mp3<\/a><\/audio>\n<p>&nbsp;<\/p>\n<p>&nbsp;<\/p>\n<p>&nbsp;<\/p>\n<p><img loading=\"lazy\" decoding=\"async\" title=\"\" src=\"https:\/\/www.radio94fm.net\/site\/wp-content\/uploads\/2017\/05\/FIQUE-POR-DENTRO-HORARIO-6-1.gif\" alt=\"\" width=\"604\" height=\"144\"><\/p>\n","protected":false},"excerpt":{"rendered":"<p>&nbsp; &nbsp; &nbsp; O grupo de motociclismo &#8220;Scout&#8217;s Moto Amigos&#8221; de Lavras est\u00e1 realizando sua &#8220;1\u00aa Campanha do Agasalho&#8221;, com arrecada\u00e7\u00e3o de vestu\u00e1rio de inverno em benef\u00edcio das institui\u00e7\u00f5es sociais da cidade, como o Asilo, a Casa do Vov\u00f4 e o Lar e Vida. Clique abaixo para ouvir a mat\u00e9ria\u2026 &nbsp; &nbsp; &nbsp; &nbsp; &nbsp;<\/p>\n","protected":false},"author":1,"featured_media":30570,"comment_status":"open","ping_status":"closed","sticky":false,"template":"","format":"standard","meta":{"ngg_post_thumbnail":0,"footnotes":""},"categories":[54],"tags":[],"class_list":["post-30568","post","type-post","status-publish","format-standard","has-post-thumbnail","hentry","category-fique-por-dentro","have-post-thumb"],"_links":{"self":[{"href":"https:\/\/radio94fm.net\/site\/wp-json\/wp\/v2\/posts\/30568","targetHints":{"allow":["GET"]}}],"collection":[{"href":"https:\/\/radio94fm.net\/site\/wp-json\/wp\/v2\/posts"}],"about":[{"href":"https:\/\/radio94fm.net\/site\/wp-json\/wp\/v2\/types\/post"}],"author":[{"embeddable":true,"href":"https:\/\/radio94fm.net\/site\/wp-json\/wp\/v2\/users\/1"}],"replies":[{"embeddable":true,"href":"https:\/\/radio94fm.net\/site\/wp-json\/wp\/v2\/comments?post=30568"}],"version-history":[{"count":0,"href":"https:\/\/radio94fm.net\/site\/wp-json\/wp\/v2\/posts\/30568\/revisions"}],"wp:attachment":[{"href":"https:\/\/radio94fm.net\/site\/wp-json\/wp\/v2\/media?parent=30568"}],"wp:term":[{"taxonomy":"category","embeddable":true,"href":"https:\/\/radio94fm.net\/site\/wp-json\/wp\/v2\/categories?post=30568"},{"taxonomy":"post_tag","embeddable":true,"href":"https:\/\/radio94fm.net\/site\/wp-json\/wp\/v2\/tags?post=30568"}],"curies":[{"name":"wp","href":"https:\/\/api.w.org\/{rel}","templated":true}]}}