{"id":30564,"date":"2019-05-20T15:49:16","date_gmt":"2019-05-20T18:49:16","guid":{"rendered":"http:\/\/www.radio94fm.net\/site\/?p=30564"},"modified":"2019-05-20T15:49:16","modified_gmt":"2019-05-20T18:49:16","slug":"obra-de-duplicacao-da-ponte-branca-foi-inaugurada-no-ultimo-sabado","status":"publish","type":"post","link":"https:\/\/radio94fm.net\/site\/obra-de-duplicacao-da-ponte-branca-foi-inaugurada-no-ultimo-sabado\/","title":{"rendered":"Obra de duplica\u00e7\u00e3o da &#8220;Ponte Branca&#8221; foi inaugurada no \u00faltimo s\u00e1bado"},"content":{"rendered":"<p><img decoding=\"async\" src=\"https:\/\/www.radio94fm.net\/site\/wp-content\/uploads\/2016\/12\/FIQUE-POR-DENTRO-BANNER-DENTRO-2.gif\"><\/p>\n<p>&nbsp;<\/p>\n<p>&nbsp;<\/p>\n<p>&nbsp;<\/p>\n<p><span style=\"font-weight: 400;\">Na manh\u00e3 do \u00faltimo s\u00e1bado, dia 18, foi inaugurada a obra de duplica\u00e7\u00e3o da &#8220;Ponte Branca&#8221;, localizada na rua Nan\u00e1 de P\u00e1dua e que faz a liga\u00e7\u00e3o entre os bairros Vila Alzira e Vila Rica. Clique abaixo para ouvir a mat\u00e9ria\u2026<\/span><\/p>\n<p>&nbsp;<\/p>\n<p>&nbsp;<\/p>\n<audio class=\"wp-audio-shortcode\" id=\"audio-30564-1\" preload=\"none\" style=\"width: 100%;\" controls=\"controls\"><source type=\"audio\/mpeg\" src=\"https:\/\/www.radio94fm.net\/site\/wp-content\/uploads\/2019\/05\/FPD-INAUGURACAO-DA-PONTE-BRANCA-20-05-19-Pedro.mp3?_=1\" \/><a href=\"https:\/\/www.radio94fm.net\/site\/wp-content\/uploads\/2019\/05\/FPD-INAUGURACAO-DA-PONTE-BRANCA-20-05-19-Pedro.mp3\">https:\/\/www.radio94fm.net\/site\/wp-content\/uploads\/2019\/05\/FPD-INAUGURACAO-DA-PONTE-BRANCA-20-05-19-Pedro.mp3<\/a><\/audio>\n<p>&nbsp;<\/p>\n<p>&nbsp;<\/p>\n<p>&nbsp;<\/p>\n<p><img loading=\"lazy\" decoding=\"async\" title=\"\" src=\"https:\/\/www.radio94fm.net\/site\/wp-content\/uploads\/2017\/05\/FIQUE-POR-DENTRO-HORARIO-6-1.gif\" alt=\"\" width=\"604\" height=\"144\"><\/p>\n","protected":false},"excerpt":{"rendered":"<p>&nbsp; &nbsp; &nbsp; Na manh\u00e3 do \u00faltimo s\u00e1bado, dia 18, foi inaugurada a obra de duplica\u00e7\u00e3o da &#8220;Ponte Branca&#8221;, localizada na rua Nan\u00e1 de P\u00e1dua e que faz a liga\u00e7\u00e3o entre os bairros Vila Alzira e Vila Rica. Clique abaixo para ouvir a mat\u00e9ria\u2026 &nbsp; &nbsp; &nbsp; &nbsp; &nbsp;<\/p>\n","protected":false},"author":1,"featured_media":30566,"comment_status":"open","ping_status":"closed","sticky":false,"template":"","format":"standard","meta":{"ngg_post_thumbnail":0,"footnotes":""},"categories":[54],"tags":[],"class_list":["post-30564","post","type-post","status-publish","format-standard","has-post-thumbnail","hentry","category-fique-por-dentro","have-post-thumb"],"_links":{"self":[{"href":"https:\/\/radio94fm.net\/site\/wp-json\/wp\/v2\/posts\/30564","targetHints":{"allow":["GET"]}}],"collection":[{"href":"https:\/\/radio94fm.net\/site\/wp-json\/wp\/v2\/posts"}],"about":[{"href":"https:\/\/radio94fm.net\/site\/wp-json\/wp\/v2\/types\/post"}],"author":[{"embeddable":true,"href":"https:\/\/radio94fm.net\/site\/wp-json\/wp\/v2\/users\/1"}],"replies":[{"embeddable":true,"href":"https:\/\/radio94fm.net\/site\/wp-json\/wp\/v2\/comments?post=30564"}],"version-history":[{"count":0,"href":"https:\/\/radio94fm.net\/site\/wp-json\/wp\/v2\/posts\/30564\/revisions"}],"wp:attachment":[{"href":"https:\/\/radio94fm.net\/site\/wp-json\/wp\/v2\/media?parent=30564"}],"wp:term":[{"taxonomy":"category","embeddable":true,"href":"https:\/\/radio94fm.net\/site\/wp-json\/wp\/v2\/categories?post=30564"},{"taxonomy":"post_tag","embeddable":true,"href":"https:\/\/radio94fm.net\/site\/wp-json\/wp\/v2\/tags?post=30564"}],"curies":[{"name":"wp","href":"https:\/\/api.w.org\/{rel}","templated":true}]}}