{"id":30560,"date":"2019-05-20T15:46:02","date_gmt":"2019-05-20T18:46:02","guid":{"rendered":"http:\/\/www.radio94fm.net\/site\/?p=30560"},"modified":"2019-05-20T15:46:02","modified_gmt":"2019-05-20T18:46:02","slug":"na-quarta-feira-acontece-a-edicao-2019-do-ufla-de-portas-abertas","status":"publish","type":"post","link":"https:\/\/radio94fm.net\/site\/na-quarta-feira-acontece-a-edicao-2019-do-ufla-de-portas-abertas\/","title":{"rendered":"Na quarta-feira acontece a edi\u00e7\u00e3o 2019 do UFLA de Portas Abertas"},"content":{"rendered":"<p><img decoding=\"async\" src=\"https:\/\/www.radio94fm.net\/site\/wp-content\/uploads\/2016\/12\/FIQUE-POR-DENTRO-BANNER-DENTRO-2.gif\"><\/p>\n<p>&nbsp;<\/p>\n<p>&nbsp;<\/p>\n<p>&nbsp;<\/p>\n<p><span style=\"font-weight: 400;\">Na pr\u00f3xima quarta-feira, dia 22, a Universidade Federal de Lavras se prepara para receber cerca de 20 mil estudantes na 5\u00aa edi\u00e7\u00e3o do &#8220;UFLA de Portas Abertas&#8221;, evento que tem como objetivo divulgar o ensino superior e apresentar aos estudantes, as profiss\u00f5es e os respectivos cursos de gradua\u00e7\u00e3o oferecidos pela institui\u00e7\u00e3o. Clique abaixo para ouvir a mat\u00e9ria\u2026<\/span><\/p>\n<p>&nbsp;<\/p>\n<p>&nbsp;<\/p>\n<p>&nbsp;<\/p>\n<audio class=\"wp-audio-shortcode\" id=\"audio-30560-1\" preload=\"none\" style=\"width: 100%;\" controls=\"controls\"><source type=\"audio\/mpeg\" src=\"https:\/\/www.radio94fm.net\/site\/wp-content\/uploads\/2019\/05\/FPD-UFLA-DE-PORTAS-ABERTAS-17-05-19-Pedro.mp3?_=1\" \/><a href=\"https:\/\/www.radio94fm.net\/site\/wp-content\/uploads\/2019\/05\/FPD-UFLA-DE-PORTAS-ABERTAS-17-05-19-Pedro.mp3\">https:\/\/www.radio94fm.net\/site\/wp-content\/uploads\/2019\/05\/FPD-UFLA-DE-PORTAS-ABERTAS-17-05-19-Pedro.mp3<\/a><\/audio>\n<p>&nbsp;<\/p>\n<p>&nbsp;<\/p>\n<p>&nbsp;<\/p>\n<p><img loading=\"lazy\" decoding=\"async\" title=\"\" src=\"https:\/\/www.radio94fm.net\/site\/wp-content\/uploads\/2017\/05\/FIQUE-POR-DENTRO-HORARIO-6-1.gif\" alt=\"\" width=\"604\" height=\"144\"><\/p>\n","protected":false},"excerpt":{"rendered":"<p>&nbsp; &nbsp; &nbsp; Na pr\u00f3xima quarta-feira, dia 22, a Universidade Federal de Lavras se prepara para receber cerca de 20 mil estudantes na 5\u00aa edi\u00e7\u00e3o do &#8220;UFLA de Portas Abertas&#8221;, evento que tem como objetivo divulgar o ensino superior e apresentar aos estudantes, as profiss\u00f5es e os respectivos cursos de gradua\u00e7\u00e3o oferecidos pela institui\u00e7\u00e3o. Clique&#8230;<\/p>\n","protected":false},"author":1,"featured_media":30562,"comment_status":"open","ping_status":"closed","sticky":false,"template":"","format":"standard","meta":{"ngg_post_thumbnail":0,"footnotes":""},"categories":[54],"tags":[],"class_list":["post-30560","post","type-post","status-publish","format-standard","has-post-thumbnail","hentry","category-fique-por-dentro","have-post-thumb"],"_links":{"self":[{"href":"https:\/\/radio94fm.net\/site\/wp-json\/wp\/v2\/posts\/30560","targetHints":{"allow":["GET"]}}],"collection":[{"href":"https:\/\/radio94fm.net\/site\/wp-json\/wp\/v2\/posts"}],"about":[{"href":"https:\/\/radio94fm.net\/site\/wp-json\/wp\/v2\/types\/post"}],"author":[{"embeddable":true,"href":"https:\/\/radio94fm.net\/site\/wp-json\/wp\/v2\/users\/1"}],"replies":[{"embeddable":true,"href":"https:\/\/radio94fm.net\/site\/wp-json\/wp\/v2\/comments?post=30560"}],"version-history":[{"count":0,"href":"https:\/\/radio94fm.net\/site\/wp-json\/wp\/v2\/posts\/30560\/revisions"}],"wp:attachment":[{"href":"https:\/\/radio94fm.net\/site\/wp-json\/wp\/v2\/media?parent=30560"}],"wp:term":[{"taxonomy":"category","embeddable":true,"href":"https:\/\/radio94fm.net\/site\/wp-json\/wp\/v2\/categories?post=30560"},{"taxonomy":"post_tag","embeddable":true,"href":"https:\/\/radio94fm.net\/site\/wp-json\/wp\/v2\/tags?post=30560"}],"curies":[{"name":"wp","href":"https:\/\/api.w.org\/{rel}","templated":true}]}}