{"id":30492,"date":"2019-05-13T15:11:57","date_gmt":"2019-05-13T18:11:57","guid":{"rendered":"http:\/\/www.radio94fm.net\/site\/?p=30492"},"modified":"2019-05-13T15:11:57","modified_gmt":"2019-05-13T18:11:57","slug":"tiro-de-guerra-comemorou-com-solenidade-o-dia-da-vitoria","status":"publish","type":"post","link":"https:\/\/radio94fm.net\/site\/tiro-de-guerra-comemorou-com-solenidade-o-dia-da-vitoria\/","title":{"rendered":"Tiro de Guerra comemorou com solenidade o \u201cDia da Vit\u00f3ria\u201d"},"content":{"rendered":"<p><img decoding=\"async\" src=\"https:\/\/www.radio94fm.net\/site\/wp-content\/uploads\/2016\/12\/FIQUE-POR-DENTRO-BANNER-DENTRO-2.gif\"><\/p>\n<p>&nbsp;<\/p>\n<p>&nbsp;<\/p>\n<p>&nbsp;<\/p>\n<p><span style=\"font-weight: 400;\">O Dia 8 de Maio \u00e9 celebrado em diversos pa\u00edses como o &#8220;Dia da Vit\u00f3ria&#8221;. A data marca o fim da segunda guerra mundial, quando os aliados derrotaram os Nazistas. Existe na Pra\u00e7a Leonardo Venerando um monumento dedicado aos 69 soldados de Lavras que lutaram nesta guerra. Tr\u00eas militares lavrenses foram mortos nos campos de batalha, na It\u00e1lia. Clique abaixo para ouvir a mat\u00e9ria\u2026<\/span><\/p>\n<p>&nbsp;<\/p>\n<p>&nbsp;<\/p>\n<p>&nbsp;<\/p>\n<audio class=\"wp-audio-shortcode\" id=\"audio-30492-1\" preload=\"none\" style=\"width: 100%;\" controls=\"controls\"><source type=\"audio\/mpeg\" src=\"https:\/\/www.radio94fm.net\/site\/wp-content\/uploads\/2019\/05\/FPD-TG-DIA-DA-VITORIA-06-05-19-Pedro.mp3?_=1\" \/><a href=\"https:\/\/www.radio94fm.net\/site\/wp-content\/uploads\/2019\/05\/FPD-TG-DIA-DA-VITORIA-06-05-19-Pedro.mp3\">https:\/\/www.radio94fm.net\/site\/wp-content\/uploads\/2019\/05\/FPD-TG-DIA-DA-VITORIA-06-05-19-Pedro.mp3<\/a><\/audio>\n<p>&nbsp;<\/p>\n<p>&nbsp;<\/p>\n<p>&nbsp;<\/p>\n<p><img loading=\"lazy\" decoding=\"async\" title=\"\" src=\"https:\/\/www.radio94fm.net\/site\/wp-content\/uploads\/2017\/05\/FIQUE-POR-DENTRO-HORARIO-6-1.gif\" alt=\"\" width=\"604\" height=\"144\"><\/p>\n","protected":false},"excerpt":{"rendered":"<p>&nbsp; &nbsp; &nbsp; O Dia 8 de Maio \u00e9 celebrado em diversos pa\u00edses como o &#8220;Dia da Vit\u00f3ria&#8221;. A data marca o fim da segunda guerra mundial, quando os aliados derrotaram os Nazistas. Existe na Pra\u00e7a Leonardo Venerando um monumento dedicado aos 69 soldados de Lavras que lutaram nesta guerra. Tr\u00eas militares lavrenses foram mortos&#8230;<\/p>\n","protected":false},"author":1,"featured_media":30494,"comment_status":"open","ping_status":"closed","sticky":false,"template":"","format":"standard","meta":{"ngg_post_thumbnail":0,"footnotes":""},"categories":[54],"tags":[],"class_list":["post-30492","post","type-post","status-publish","format-standard","has-post-thumbnail","hentry","category-fique-por-dentro","have-post-thumb"],"_links":{"self":[{"href":"https:\/\/radio94fm.net\/site\/wp-json\/wp\/v2\/posts\/30492","targetHints":{"allow":["GET"]}}],"collection":[{"href":"https:\/\/radio94fm.net\/site\/wp-json\/wp\/v2\/posts"}],"about":[{"href":"https:\/\/radio94fm.net\/site\/wp-json\/wp\/v2\/types\/post"}],"author":[{"embeddable":true,"href":"https:\/\/radio94fm.net\/site\/wp-json\/wp\/v2\/users\/1"}],"replies":[{"embeddable":true,"href":"https:\/\/radio94fm.net\/site\/wp-json\/wp\/v2\/comments?post=30492"}],"version-history":[{"count":0,"href":"https:\/\/radio94fm.net\/site\/wp-json\/wp\/v2\/posts\/30492\/revisions"}],"wp:attachment":[{"href":"https:\/\/radio94fm.net\/site\/wp-json\/wp\/v2\/media?parent=30492"}],"wp:term":[{"taxonomy":"category","embeddable":true,"href":"https:\/\/radio94fm.net\/site\/wp-json\/wp\/v2\/categories?post=30492"},{"taxonomy":"post_tag","embeddable":true,"href":"https:\/\/radio94fm.net\/site\/wp-json\/wp\/v2\/tags?post=30492"}],"curies":[{"name":"wp","href":"https:\/\/api.w.org\/{rel}","templated":true}]}}