{"id":30488,"date":"2019-05-13T15:09:55","date_gmt":"2019-05-13T18:09:55","guid":{"rendered":"http:\/\/www.radio94fm.net\/site\/?p=30488"},"modified":"2019-05-13T15:09:55","modified_gmt":"2019-05-13T18:09:55","slug":"presidio-de-lavras-lanca-campanha-inverno-solidario","status":"publish","type":"post","link":"https:\/\/radio94fm.net\/site\/presidio-de-lavras-lanca-campanha-inverno-solidario\/","title":{"rendered":"Pres\u00eddio de Lavras lan\u00e7a campanha \u201cInverno Solid\u00e1rio\u201d"},"content":{"rendered":"<p><img decoding=\"async\" src=\"https:\/\/www.radio94fm.net\/site\/wp-content\/uploads\/2016\/12\/FIQUE-POR-DENTRO-BANNER-DENTRO-2.gif\"><\/p>\n<p>&nbsp;<\/p>\n<p>&nbsp;<\/p>\n<p>&nbsp;<\/p>\n<p><span style=\"font-weight: 400;\">O Pres\u00eddio estadual de Lavras lan\u00e7ou uma campanha chamada &#8220;Inverno Solid\u00e1rio&#8221;, em que 15 detentos selecionados v\u00e3o fazer tric\u00f4, produzindo toucas, luvas e agasalhos que ser\u00e3o doados para institui\u00e7\u00f5es da cidade, como a Casa do Vov\u00f4 e o Lar Esperan\u00e7a e Vida Mateus Loureiro Ticle. Clique abaixo para ouvir a mat\u00e9ria\u2026<\/span><\/p>\n<p>&nbsp;<\/p>\n<p>&nbsp;<\/p>\n<p>&nbsp;<\/p>\n<audio class=\"wp-audio-shortcode\" id=\"audio-30488-1\" preload=\"none\" style=\"width: 100%;\" controls=\"controls\"><source type=\"audio\/mpeg\" src=\"https:\/\/www.radio94fm.net\/site\/wp-content\/uploads\/2019\/05\/FPD-PRESIDIO-CAMP-INVERNO-SOLIDARIO-07-05-19-Pedro.mp3?_=1\" \/><a href=\"https:\/\/www.radio94fm.net\/site\/wp-content\/uploads\/2019\/05\/FPD-PRESIDIO-CAMP-INVERNO-SOLIDARIO-07-05-19-Pedro.mp3\">https:\/\/www.radio94fm.net\/site\/wp-content\/uploads\/2019\/05\/FPD-PRESIDIO-CAMP-INVERNO-SOLIDARIO-07-05-19-Pedro.mp3<\/a><\/audio>\n<p>&nbsp;<\/p>\n<p>&nbsp;<\/p>\n<p>&nbsp;<\/p>\n<p><img loading=\"lazy\" decoding=\"async\" title=\"\" src=\"https:\/\/www.radio94fm.net\/site\/wp-content\/uploads\/2017\/05\/FIQUE-POR-DENTRO-HORARIO-6-1.gif\" alt=\"\" width=\"604\" height=\"144\"><\/p>\n","protected":false},"excerpt":{"rendered":"<p>&nbsp; &nbsp; &nbsp; O Pres\u00eddio estadual de Lavras lan\u00e7ou uma campanha chamada &#8220;Inverno Solid\u00e1rio&#8221;, em que 15 detentos selecionados v\u00e3o fazer tric\u00f4, produzindo toucas, luvas e agasalhos que ser\u00e3o doados para institui\u00e7\u00f5es da cidade, como a Casa do Vov\u00f4 e o Lar Esperan\u00e7a e Vida Mateus Loureiro Ticle. Clique abaixo para ouvir a mat\u00e9ria\u2026 &nbsp;&#8230;<\/p>\n","protected":false},"author":1,"featured_media":30490,"comment_status":"open","ping_status":"closed","sticky":false,"template":"","format":"standard","meta":{"ngg_post_thumbnail":0,"footnotes":""},"categories":[54],"tags":[],"class_list":["post-30488","post","type-post","status-publish","format-standard","has-post-thumbnail","hentry","category-fique-por-dentro","have-post-thumb"],"_links":{"self":[{"href":"https:\/\/radio94fm.net\/site\/wp-json\/wp\/v2\/posts\/30488","targetHints":{"allow":["GET"]}}],"collection":[{"href":"https:\/\/radio94fm.net\/site\/wp-json\/wp\/v2\/posts"}],"about":[{"href":"https:\/\/radio94fm.net\/site\/wp-json\/wp\/v2\/types\/post"}],"author":[{"embeddable":true,"href":"https:\/\/radio94fm.net\/site\/wp-json\/wp\/v2\/users\/1"}],"replies":[{"embeddable":true,"href":"https:\/\/radio94fm.net\/site\/wp-json\/wp\/v2\/comments?post=30488"}],"version-history":[{"count":0,"href":"https:\/\/radio94fm.net\/site\/wp-json\/wp\/v2\/posts\/30488\/revisions"}],"wp:attachment":[{"href":"https:\/\/radio94fm.net\/site\/wp-json\/wp\/v2\/media?parent=30488"}],"wp:term":[{"taxonomy":"category","embeddable":true,"href":"https:\/\/radio94fm.net\/site\/wp-json\/wp\/v2\/categories?post=30488"},{"taxonomy":"post_tag","embeddable":true,"href":"https:\/\/radio94fm.net\/site\/wp-json\/wp\/v2\/tags?post=30488"}],"curies":[{"name":"wp","href":"https:\/\/api.w.org\/{rel}","templated":true}]}}