{"id":30476,"date":"2019-05-13T15:01:27","date_gmt":"2019-05-13T18:01:27","guid":{"rendered":"http:\/\/www.radio94fm.net\/site\/?p=30476"},"modified":"2019-05-13T15:01:27","modified_gmt":"2019-05-13T18:01:27","slug":"ja-comecou-a-campanha-de-vacinacao-contra-febre-aftosa","status":"publish","type":"post","link":"https:\/\/radio94fm.net\/site\/ja-comecou-a-campanha-de-vacinacao-contra-febre-aftosa\/","title":{"rendered":"J\u00e1 come\u00e7ou a campanha de vacina\u00e7\u00e3o contra febre aftosa"},"content":{"rendered":"<p><img decoding=\"async\" src=\"https:\/\/www.radio94fm.net\/site\/wp-content\/uploads\/2016\/12\/FIQUE-POR-DENTRO-BANNER-DENTRO-2.gif\"><\/p>\n<p>&nbsp;<\/p>\n<p>&nbsp;<\/p>\n<p>&nbsp;<\/p>\n<p><span style=\"font-weight: 400;\">Desde o in\u00edcio do m\u00eas foi iniciada a campanha de vacina\u00e7\u00e3o contra a febre aftosa em bovinos e bubalinos de todas as idades. O prazo final para <\/span><span style=\"font-weight: 400;\">comprovar a aquisi\u00e7\u00e3o das vacinas junto ao IMA, que \u00e9 o Instituto Mineiro de Agropecu\u00e1ria, ser\u00e1 no dia 31 de maio. <\/span><span style=\"font-weight: 400;\">Clique abaixo para ouvir a mat\u00e9ria\u2026<\/span><\/p>\n<p>&nbsp;<\/p>\n<p>&nbsp;<\/p>\n<audio class=\"wp-audio-shortcode\" id=\"audio-30476-1\" preload=\"none\" style=\"width: 100%;\" controls=\"controls\"><source type=\"audio\/mpeg\" src=\"https:\/\/www.radio94fm.net\/site\/wp-content\/uploads\/2019\/05\/FPD-VACINA-FEBRE-AFTOSA-06-05-19-Pedro.mp3?_=1\" \/><a href=\"https:\/\/www.radio94fm.net\/site\/wp-content\/uploads\/2019\/05\/FPD-VACINA-FEBRE-AFTOSA-06-05-19-Pedro.mp3\">https:\/\/www.radio94fm.net\/site\/wp-content\/uploads\/2019\/05\/FPD-VACINA-FEBRE-AFTOSA-06-05-19-Pedro.mp3<\/a><\/audio>\n<p>&nbsp;<\/p>\n<p>&nbsp;<\/p>\n<p><img loading=\"lazy\" decoding=\"async\" title=\"\" src=\"https:\/\/www.radio94fm.net\/site\/wp-content\/uploads\/2017\/05\/FIQUE-POR-DENTRO-HORARIO-6-1.gif\" alt=\"\" width=\"604\" height=\"144\"><\/p>\n<p>&nbsp;<\/p>\n<p>&nbsp;<\/p>\n<p>&nbsp;<\/p>\n","protected":false},"excerpt":{"rendered":"<p>&nbsp; &nbsp; &nbsp; Desde o in\u00edcio do m\u00eas foi iniciada a campanha de vacina\u00e7\u00e3o contra a febre aftosa em bovinos e bubalinos de todas as idades. O prazo final para comprovar a aquisi\u00e7\u00e3o das vacinas junto ao IMA, que \u00e9 o Instituto Mineiro de Agropecu\u00e1ria, ser\u00e1 no dia 31 de maio. Clique abaixo para ouvir&#8230;<\/p>\n","protected":false},"author":1,"featured_media":30478,"comment_status":"open","ping_status":"closed","sticky":false,"template":"","format":"standard","meta":{"ngg_post_thumbnail":0,"footnotes":""},"categories":[54],"tags":[],"class_list":["post-30476","post","type-post","status-publish","format-standard","has-post-thumbnail","hentry","category-fique-por-dentro","have-post-thumb"],"_links":{"self":[{"href":"https:\/\/radio94fm.net\/site\/wp-json\/wp\/v2\/posts\/30476","targetHints":{"allow":["GET"]}}],"collection":[{"href":"https:\/\/radio94fm.net\/site\/wp-json\/wp\/v2\/posts"}],"about":[{"href":"https:\/\/radio94fm.net\/site\/wp-json\/wp\/v2\/types\/post"}],"author":[{"embeddable":true,"href":"https:\/\/radio94fm.net\/site\/wp-json\/wp\/v2\/users\/1"}],"replies":[{"embeddable":true,"href":"https:\/\/radio94fm.net\/site\/wp-json\/wp\/v2\/comments?post=30476"}],"version-history":[{"count":0,"href":"https:\/\/radio94fm.net\/site\/wp-json\/wp\/v2\/posts\/30476\/revisions"}],"wp:featuredmedia":[{"embeddable":true,"href":"https:\/\/radio94fm.net\/site\/wp-json\/"}],"wp:attachment":[{"href":"https:\/\/radio94fm.net\/site\/wp-json\/wp\/v2\/media?parent=30476"}],"wp:term":[{"taxonomy":"category","embeddable":true,"href":"https:\/\/radio94fm.net\/site\/wp-json\/wp\/v2\/categories?post=30476"},{"taxonomy":"post_tag","embeddable":true,"href":"https:\/\/radio94fm.net\/site\/wp-json\/wp\/v2\/tags?post=30476"}],"curies":[{"name":"wp","href":"https:\/\/api.w.org\/{rel}","templated":true}]}}