{"id":30457,"date":"2019-04-26T16:21:45","date_gmt":"2019-04-26T19:21:45","guid":{"rendered":"http:\/\/www.radio94fm.net\/site\/?p=30457"},"modified":"2019-04-26T16:21:45","modified_gmt":"2019-04-26T19:21:45","slug":"madonna-lanca-clipe-de-medellin-com-maluma","status":"publish","type":"post","link":"https:\/\/radio94fm.net\/site\/madonna-lanca-clipe-de-medellin-com-maluma\/","title":{"rendered":"Madonna lan\u00e7a clipe de &#8216;Medell\u00edn&#8217; com Maluma"},"content":{"rendered":"<div class=\"mc-column content-text active-extra-styles active-capital-letter\" data-block-type=\"unstyled\" data-block-weight=\"30\" data-block-id=\"2\">\n<p class=\"content-text__container theme-color-primary-first-letter\" data-track-category=\"Link no Texto\" data-track-links=\"\">Madonna lan\u00e7ou o clipe de &#8220;Medell\u00edn&#8221;, em parceria com Maluma, nesta quarta (24). A m\u00fasica \u00e9 a primeira do novo disco &#8220;Madame X&#8221;, que sai no dia 14 de junho.<\/p>\n<\/div>\n<div class=\"wall protected-content\">\n<div class=\"mc-column content-text active-extra-styles \" data-block-type=\"unstyled\" data-block-weight=\"48\" data-block-id=\"3\">\n<p class=\"content-text__container \" data-track-category=\"Link no Texto\" data-track-links=\"\">Ap\u00f3s o in\u00edcio em que Madonna aparece rezando, os dois contracenam em uma festa, um banquete com muita bebida. Ela dan\u00e7a em cima de uma mesa, faz uma coreografia com v\u00e1rios bailarinos, bebe champanhe, fuma na cama. Eles se beijam na boca e ela lambe o p\u00e9 dele.<\/p>\n<\/div>\n<div class=\"mc-column content-text active-extra-styles \" data-block-type=\"unstyled\" data-block-weight=\"30\" data-block-id=\"4\">\n<p class=\"content-text__container \" data-track-category=\"Link no Texto\" data-track-links=\"\">Depois de seguir um caminho mais eletro-pop em \u201cRebel Heart\u201d, disco anterior de 2015, a cantora americana de 60 anos se aproxima do pop latino ao convidar o cantor colombiano.<\/p>\n<\/div>\n<p class=\"content-text__container \" data-track-category=\"Link no Texto\" data-track-links=\"\">Fonte: G1\/Pop&amp;Arte<\/p>\n<\/div>\n","protected":false},"excerpt":{"rendered":"<p>Madonna lan\u00e7ou o clipe de &#8220;Medell\u00edn&#8221;, em parceria com Maluma, nesta quarta (24). A m\u00fasica \u00e9 a primeira do novo disco &#8220;Madame X&#8221;, que sai no dia 14 de junho. Ap\u00f3s o in\u00edcio em que Madonna aparece rezando, os dois contracenam em uma festa, um banquete com muita bebida. Ela dan\u00e7a em cima de uma&#8230;<\/p>\n","protected":false},"author":1,"featured_media":30458,"comment_status":"open","ping_status":"closed","sticky":false,"template":"","format":"standard","meta":{"ngg_post_thumbnail":0,"footnotes":""},"categories":[60],"tags":[],"class_list":["post-30457","post","type-post","status-publish","format-standard","has-post-thumbnail","hentry","category-na-musica","have-post-thumb"],"_links":{"self":[{"href":"https:\/\/radio94fm.net\/site\/wp-json\/wp\/v2\/posts\/30457","targetHints":{"allow":["GET"]}}],"collection":[{"href":"https:\/\/radio94fm.net\/site\/wp-json\/wp\/v2\/posts"}],"about":[{"href":"https:\/\/radio94fm.net\/site\/wp-json\/wp\/v2\/types\/post"}],"author":[{"embeddable":true,"href":"https:\/\/radio94fm.net\/site\/wp-json\/wp\/v2\/users\/1"}],"replies":[{"embeddable":true,"href":"https:\/\/radio94fm.net\/site\/wp-json\/wp\/v2\/comments?post=30457"}],"version-history":[{"count":0,"href":"https:\/\/radio94fm.net\/site\/wp-json\/wp\/v2\/posts\/30457\/revisions"}],"wp:featuredmedia":[{"embeddable":true,"href":"https:\/\/radio94fm.net\/site\/wp-json\/"}],"wp:attachment":[{"href":"https:\/\/radio94fm.net\/site\/wp-json\/wp\/v2\/media?parent=30457"}],"wp:term":[{"taxonomy":"category","embeddable":true,"href":"https:\/\/radio94fm.net\/site\/wp-json\/wp\/v2\/categories?post=30457"},{"taxonomy":"post_tag","embeddable":true,"href":"https:\/\/radio94fm.net\/site\/wp-json\/wp\/v2\/tags?post=30457"}],"curies":[{"name":"wp","href":"https:\/\/api.w.org\/{rel}","templated":true}]}}