{"id":30454,"date":"2019-04-26T16:20:44","date_gmt":"2019-04-26T19:20:44","guid":{"rendered":"http:\/\/www.radio94fm.net\/site\/?p=30454"},"modified":"2019-04-26T16:20:44","modified_gmt":"2019-04-26T19:20:44","slug":"seu-jorge-espalha-vento-de-maio-40-anos-apos-lo-borges-em-dueto-com-maria-rita","status":"publish","type":"post","link":"https:\/\/radio94fm.net\/site\/seu-jorge-espalha-vento-de-maio-40-anos-apos-lo-borges-em-dueto-com-maria-rita\/","title":{"rendered":"Seu Jorge espalha &#8216;Vento de maio&#8217;, 40 anos ap\u00f3s L\u00f4 Borges, em dueto com Maria Rita"},"content":{"rendered":"<div class=\"mc-column content-text active-extra-styles active-capital-letter\" data-block-type=\"unstyled\" data-block-weight=\"84\" data-block-id=\"2\">\n<p class=\"content-text__container theme-color-primary-first-letter\" data-track-category=\"Link no Texto\" data-track-links=\"\">Os ventos fortes de Elis Regina (1945 \u2013 1982) continuam a soprar na dire\u00e7\u00e3o de Maria Rita. Em 1980, ao gravar o que seria o \u00faltimo \u00e1lbum de carreira que se encerraria abrupta e precocemente na manh\u00e3 de 19 de janeiro de 1982, Elis deu voz a&nbsp;<strong><em>Vento de maio<\/em><\/strong>&nbsp;(Telo Borges e M\u00e1rcio Borges, 1979) em grava\u00e7\u00e3o feita com sutil participa\u00e7\u00e3o de L\u00f4 Borges, int\u00e9rprete original dessa can\u00e7\u00e3o que tinha sido lan\u00e7ada por L\u00f4 no ano anterior, no \u00e1lbum&nbsp;<strong><em>A via l\u00e1ctea<\/em><\/strong>&nbsp;(1979).<\/p>\n<\/div>\n<div class=\"wall protected-content\">\n<div class=\"mc-column content-text active-extra-styles \" data-block-type=\"unstyled\" data-block-weight=\"72\" data-block-id=\"3\">\n<p class=\"content-text__container \" data-track-category=\"Link no Texto\" data-track-links=\"\">Decorridos 40 anos, quem espalha&nbsp;<strong><em>Vento de maio<\/em><\/strong>&nbsp;\u00e9 a cantora Maria Rita, filha de Elis, mas como convidada de Seu Jorge.&nbsp;<strong><em>Vento de maio<\/em><\/strong>&nbsp;\u00e9, nas vozes de Maria Rita e Seu Jorge, uma das m\u00fasicas do \u00e1lbum que o cantor carioca \u2013 radicado em Los Angeles (EUA) desde 2013 \u2013 dever\u00e1 lan\u00e7ar no segundo semestre deste ano de 2019. O dueto foi gravado h\u00e1 seis anos, em mar\u00e7o de 2013.<\/p>\n<\/div>\n<div class=\"mc-column content-text active-extra-styles \" data-block-type=\"unstyled\" data-block-weight=\"29\" data-block-id=\"4\">\n<p class=\"content-text__container \" data-track-category=\"Link no Texto\" data-track-links=\"\">Neste disco, intitulado&nbsp;<strong><em>O outro lado<\/em><\/strong>&nbsp;e formatado nos Estados Unidos com produ\u00e7\u00e3o de Mario Caldato e arranjos de Miguel Atwood-Ferguson, Jorge se exercita como int\u00e9rprete de composi\u00e7\u00f5es alheias.<\/p>\n<\/div>\n<div data-track-category=\"multicontent\" data-track-action=\"ultimo chunk conteudo\" data-track-noninteraction=\"false\" data-track-scroll=\"view\">\n<div class=\"mc-column content-text active-extra-styles \" data-block-type=\"unstyled\" data-block-weight=\"30\" data-block-id=\"5\">\n<p class=\"content-text__container \" data-track-category=\"Link no Texto\" data-track-links=\"\">Uma das m\u00fasicas do repert\u00f3rio bil\u00edngue do \u00e1lbum&nbsp;<strong><em>O outro lado<\/em><\/strong>&nbsp;\u00e9&nbsp;<strong><em>Cren\u00e7a<\/em><\/strong>&nbsp;(1967), m\u00fasica de Milton Nascimento com versos de M\u00e1rcio Borges, tamb\u00e9m letrista da mencionada&nbsp;<strong><em>Vento de maio<\/em><\/strong>.<\/p>\n<p class=\"content-text__container \" data-track-category=\"Link no Texto\" data-track-links=\"\">Fonte: G1\/Pop&amp;Arte<\/p>\n<\/div>\n<\/div>\n<\/div>\n","protected":false},"excerpt":{"rendered":"<p>Os ventos fortes de Elis Regina (1945 \u2013 1982) continuam a soprar na dire\u00e7\u00e3o de Maria Rita. Em 1980, ao gravar o que seria o \u00faltimo \u00e1lbum de carreira que se encerraria abrupta e precocemente na manh\u00e3 de 19 de janeiro de 1982, Elis deu voz a&nbsp;Vento de maio&nbsp;(Telo Borges e M\u00e1rcio Borges, 1979) em&#8230;<\/p>\n","protected":false},"author":1,"featured_media":30455,"comment_status":"open","ping_status":"closed","sticky":false,"template":"","format":"standard","meta":{"ngg_post_thumbnail":0,"footnotes":""},"categories":[60],"tags":[],"class_list":["post-30454","post","type-post","status-publish","format-standard","has-post-thumbnail","hentry","category-na-musica","have-post-thumb"],"_links":{"self":[{"href":"https:\/\/radio94fm.net\/site\/wp-json\/wp\/v2\/posts\/30454","targetHints":{"allow":["GET"]}}],"collection":[{"href":"https:\/\/radio94fm.net\/site\/wp-json\/wp\/v2\/posts"}],"about":[{"href":"https:\/\/radio94fm.net\/site\/wp-json\/wp\/v2\/types\/post"}],"author":[{"embeddable":true,"href":"https:\/\/radio94fm.net\/site\/wp-json\/wp\/v2\/users\/1"}],"replies":[{"embeddable":true,"href":"https:\/\/radio94fm.net\/site\/wp-json\/wp\/v2\/comments?post=30454"}],"version-history":[{"count":0,"href":"https:\/\/radio94fm.net\/site\/wp-json\/wp\/v2\/posts\/30454\/revisions"}],"wp:featuredmedia":[{"embeddable":true,"href":"https:\/\/radio94fm.net\/site\/wp-json\/"}],"wp:attachment":[{"href":"https:\/\/radio94fm.net\/site\/wp-json\/wp\/v2\/media?parent=30454"}],"wp:term":[{"taxonomy":"category","embeddable":true,"href":"https:\/\/radio94fm.net\/site\/wp-json\/wp\/v2\/categories?post=30454"},{"taxonomy":"post_tag","embeddable":true,"href":"https:\/\/radio94fm.net\/site\/wp-json\/wp\/v2\/tags?post=30454"}],"curies":[{"name":"wp","href":"https:\/\/api.w.org\/{rel}","templated":true}]}}