{"id":30445,"date":"2019-04-26T16:16:42","date_gmt":"2019-04-26T19:16:42","guid":{"rendered":"http:\/\/www.radio94fm.net\/site\/?p=30445"},"modified":"2019-04-26T16:16:42","modified_gmt":"2019-04-26T19:16:42","slug":"taylor-swift-lanca-me-em-parceria-com-brendon-urie","status":"publish","type":"post","link":"https:\/\/radio94fm.net\/site\/taylor-swift-lanca-me-em-parceria-com-brendon-urie\/","title":{"rendered":"Taylor Swift lan\u00e7a &#8216;Me!&#8217; em parceria com Brendon Urie"},"content":{"rendered":"<div class=\"mc-column content-text active-extra-styles active-capital-letter\" data-block-type=\"unstyled\" data-block-weight=\"29\" data-block-id=\"2\">\n<p class=\"content-text__container theme-color-primary-first-letter\" data-track-category=\"Link no Texto\" data-track-links=\"\">Taylor Swift lan\u00e7ou na madrugada desta sexta-feira (26) a m\u00fasica \u201cMe!\u201d. O single \u00e9 uma parceria entre a cantora e Brendon Urie, vocalista do grupo Panic! At The Disco.<\/p>\n<\/div>\n<div class=\"wall protected-content\">\n<div class=\"mc-column content-text active-extra-styles \" data-block-type=\"unstyled\" data-block-weight=\"16\" data-block-id=\"3\">\n<p class=\"content-text__container \" data-track-category=\"Link no Texto\" data-track-links=\"\">\u201cMe!\u201d \u00e9 a primeira m\u00fasica da cantora ap\u00f3s o \u00e1lbum&nbsp;<a href=\"https:\/\/g1.globo.com\/musica\/noticia\/taylor-swift-se-divide-em-reputation-e-vai-de-mauzona-a-boazinha-em-15-musicas-g1-ouviu.ghtml\">\u201cReputation\u201d, lan\u00e7ado em dezembro de 2017.<\/a><\/p>\n<\/div>\n<div class=\"mc-column content-text active-extra-styles \" data-block-type=\"unstyled\" data-block-weight=\"20\" data-block-id=\"4\">\n<p class=\"content-text__container \" data-track-category=\"Link no Texto\" data-track-links=\"\">A cantora divulgou o single junto a um clipe, no qual ela assina a dire\u00e7\u00e3o ao lado de Dave Meyers.<\/p>\n<\/div>\n<div class=\"mc-column content-text active-extra-styles \" data-block-type=\"unstyled\" data-block-weight=\"27\" data-block-id=\"5\">\n<p class=\"content-text__container \" data-track-category=\"Link no Texto\" data-track-links=\"\">Nas redes sociais, Brendon agradeceu o convite da cantora para participar do projeto. \u201cObrigada, Taylor, por me permitir fazer parte dessa linda hist\u00f3ria. Muito amor e respeito\u201d.<\/p>\n<\/div>\n<div class=\"mc-column content-text active-extra-styles \" data-block-type=\"unstyled\" data-block-weight=\"42\" data-block-id=\"6\">\n<p class=\"content-text__container \" data-track-category=\"Link no Texto\" data-track-links=\"\">Em entrevista para a ABC, Taylor afirmou que \u201cMe!\u201d \u00e9 sobre \u201cabra\u00e7ar sua individualidade e celebra-la\u201d. A cantora ainda afirmou que a can\u00e7\u00e3o \u00e9 &#8220;uma m\u00fasica que vai ficar preso em sua cabe\u00e7a e fazer voc\u00ea se sentir melhor sobre si mesmo\u201d.<\/p>\n<\/div>\n<div class=\"mc-column content-media content-media--normal content-video\" data-block-type=\"youtube\" data-block-id=\"7\">\n<div class=\"content-media__container\">\n<div class=\"block-youtube\"><iframe loading=\"lazy\" src=\"https:\/\/www.youtube.com\/embed\/FuXNumBwDOM?origin=http:\/\/g1.globo.com\" width=\"640px\" height=\"360px\" frameborder=\"0\" allowfullscreen=\"allowfullscreen\" data-mce-fragment=\"1\"><\/iframe><\/div>\n<\/div>\n<\/div>\n<div data-track-category=\"multicontent\" data-track-action=\"ultimo chunk conteudo\" data-track-noninteraction=\"false\" data-track-scroll=\"view\">&nbsp;<\/div>\n<div data-track-category=\"multicontent\" data-track-action=\"ultimo chunk conteudo\" data-track-noninteraction=\"false\" data-track-scroll=\"view\">Fonte: G1\/Pop&amp;Arte<\/div>\n<\/div>\n","protected":false},"excerpt":{"rendered":"<p>Taylor Swift lan\u00e7ou na madrugada desta sexta-feira (26) a m\u00fasica \u201cMe!\u201d. O single \u00e9 uma parceria entre a cantora e Brendon Urie, vocalista do grupo Panic! At The Disco. \u201cMe!\u201d \u00e9 a primeira m\u00fasica da cantora ap\u00f3s o \u00e1lbum&nbsp;\u201cReputation\u201d, lan\u00e7ado em dezembro de 2017. A cantora divulgou o single junto a um clipe, no qual&#8230;<\/p>\n","protected":false},"author":1,"featured_media":30446,"comment_status":"open","ping_status":"closed","sticky":false,"template":"","format":"standard","meta":{"ngg_post_thumbnail":0,"footnotes":""},"categories":[60],"tags":[],"class_list":["post-30445","post","type-post","status-publish","format-standard","has-post-thumbnail","hentry","category-na-musica","have-post-thumb"],"_links":{"self":[{"href":"https:\/\/radio94fm.net\/site\/wp-json\/wp\/v2\/posts\/30445","targetHints":{"allow":["GET"]}}],"collection":[{"href":"https:\/\/radio94fm.net\/site\/wp-json\/wp\/v2\/posts"}],"about":[{"href":"https:\/\/radio94fm.net\/site\/wp-json\/wp\/v2\/types\/post"}],"author":[{"embeddable":true,"href":"https:\/\/radio94fm.net\/site\/wp-json\/wp\/v2\/users\/1"}],"replies":[{"embeddable":true,"href":"https:\/\/radio94fm.net\/site\/wp-json\/wp\/v2\/comments?post=30445"}],"version-history":[{"count":0,"href":"https:\/\/radio94fm.net\/site\/wp-json\/wp\/v2\/posts\/30445\/revisions"}],"wp:featuredmedia":[{"embeddable":true,"href":"https:\/\/radio94fm.net\/site\/wp-json\/wp\/v2\/media\/30446"}],"wp:attachment":[{"href":"https:\/\/radio94fm.net\/site\/wp-json\/wp\/v2\/media?parent=30445"}],"wp:term":[{"taxonomy":"category","embeddable":true,"href":"https:\/\/radio94fm.net\/site\/wp-json\/wp\/v2\/categories?post=30445"},{"taxonomy":"post_tag","embeddable":true,"href":"https:\/\/radio94fm.net\/site\/wp-json\/wp\/v2\/tags?post=30445"}],"curies":[{"name":"wp","href":"https:\/\/api.w.org\/{rel}","templated":true}]}}