{"id":30442,"date":"2019-04-26T16:15:20","date_gmt":"2019-04-26T19:15:20","guid":{"rendered":"http:\/\/www.radio94fm.net\/site\/?p=30442"},"modified":"2019-04-26T16:15:20","modified_gmt":"2019-04-26T19:15:20","slug":"wesley-safadao-muda-cabelo-e-grava-funk-com-mc-kekel","status":"publish","type":"post","link":"https:\/\/radio94fm.net\/site\/wesley-safadao-muda-cabelo-e-grava-funk-com-mc-kekel\/","title":{"rendered":"Wesley Safad\u00e3o muda cabelo e grava funk com MC Kekel"},"content":{"rendered":"<div class=\"mc-column content-text active-extra-styles active-capital-letter\" data-block-type=\"unstyled\" data-block-weight=\"17\" data-block-id=\"2\">\n<p class=\"content-text__container theme-color-primary-first-letter\" data-track-category=\"Link no Texto\" data-track-links=\"\">Wesley Safad\u00e3o e MC Kekel passaram a tarde em um baile na zona leste de S\u00e3o Paulo. O cantor de forr\u00f3 e o funkeiro gravaram nesta quinta (25) o clipe de &#8220;Desencana&#8221;, novo single da dupla sobre a conquista da amada, entre fluxos e bail\u00f5es.<\/p>\n<div class=\"mc-column content-text active-extra-styles \" data-block-type=\"unstyled\" data-block-weight=\"16\" data-block-id=\"4\">\n<p class=\"content-text__container \" data-track-category=\"Link no Texto\" data-track-links=\"\">Apesar de ter Safad\u00e3o, a m\u00fasica \u00e9 um batid\u00e3o de funk, com pouca influ\u00eancia de forr\u00f3.<\/p>\n<\/div>\n<div class=\"mc-column content-text active-extra-styles \" data-block-type=\"unstyled\" data-block-weight=\"37\" data-block-id=\"5\">\n<p class=\"content-text__container \" data-track-category=\"Link no Texto\" data-track-links=\"\">&#8220;Tenho um carinho e um respeito muito grandes pelo funk, que tem sido amea\u00e7ado. Me sinto feliz e honrado de estar aqui gravando com o Kekel, poder levantar a bandeira e dizer que estou junto com voc\u00eas.&#8221;<\/p>\n<\/div>\n<div class=\"mc-column content-text active-extra-styles \" data-block-type=\"unstyled\" data-block-weight=\"25\" data-block-id=\"6\">\n<p class=\"content-text__container \" data-track-category=\"Link no Texto\" data-track-links=\"\">Para entrar na est\u00e9tica &#8220;bigodin finin, cabelim na r\u00e9gua&#8221; do funk atual, Safad\u00e3o quis mudar o visual: cabelo azul, risquinho na sobrancelha e muitas tatuagens.<\/p>\n<\/div>\n<div class=\"mc-column content-text active-extra-styles \" data-block-type=\"unstyled\" data-block-weight=\"19\" data-block-id=\"7\">\n<p class=\"content-text__container \" data-track-category=\"Link no Texto\" data-track-links=\"\">Mas tatuagens falsas, pois o cantor tem um segredo. &#8220;Morro de medo de agulha&#8221;, confessa ele, de olhos arregalados.<\/p>\n<div class=\"mc-column content-text active-extra-styles \" data-block-type=\"unstyled\" data-block-weight=\"29\" data-block-id=\"9\">\n<p class=\"content-text__container \" data-track-category=\"Link no Texto\" data-track-links=\"\">&#8220;J\u00e1 ensaiei fazer tatuagens algumas vezes, mas parei no meio do caminho. Admiro as pessoas que t\u00eam, fico olhando, querendo entender, mas n\u00e3o tenho coragem. Sou medroso demais&#8221;, revela.<\/p>\n<\/div>\n<div class=\"mc-column content-text active-extra-styles \" data-block-type=\"unstyled\" data-block-weight=\"37\" data-block-id=\"10\">\n<p class=\"content-text__container \" data-track-category=\"Link no Texto\" data-track-links=\"\">Come\u00e7ou como zoeira, mas Safad\u00e3o considera adotar o visual. &#8220;Estou com o cabelinho muito organizadinho, como nunca fui. Eu at\u00e9 gostei desse visual mais rebelde, mas preciso ver como vai ser a repercuss\u00e3o l\u00e1 em casa&#8221;, brinca.<\/p>\n<p class=\"content-text__container \" data-track-category=\"Link no Texto\" data-track-links=\"\">Fonte: G1\/Pop&amp;Arte<\/p>\n<\/div>\n<\/div>\n<\/div>\n","protected":false},"excerpt":{"rendered":"<p>Wesley Safad\u00e3o e MC Kekel passaram a tarde em um baile na zona leste de S\u00e3o Paulo. O cantor de forr\u00f3 e o funkeiro gravaram nesta quinta (25) o clipe de &#8220;Desencana&#8221;, novo single da dupla sobre a conquista da amada, entre fluxos e bail\u00f5es. Apesar de ter Safad\u00e3o, a m\u00fasica \u00e9 um batid\u00e3o de&#8230;<\/p>\n","protected":false},"author":1,"featured_media":30443,"comment_status":"open","ping_status":"closed","sticky":false,"template":"","format":"standard","meta":{"ngg_post_thumbnail":0,"footnotes":""},"categories":[60],"tags":[],"class_list":["post-30442","post","type-post","status-publish","format-standard","has-post-thumbnail","hentry","category-na-musica","have-post-thumb"],"_links":{"self":[{"href":"https:\/\/radio94fm.net\/site\/wp-json\/wp\/v2\/posts\/30442","targetHints":{"allow":["GET"]}}],"collection":[{"href":"https:\/\/radio94fm.net\/site\/wp-json\/wp\/v2\/posts"}],"about":[{"href":"https:\/\/radio94fm.net\/site\/wp-json\/wp\/v2\/types\/post"}],"author":[{"embeddable":true,"href":"https:\/\/radio94fm.net\/site\/wp-json\/wp\/v2\/users\/1"}],"replies":[{"embeddable":true,"href":"https:\/\/radio94fm.net\/site\/wp-json\/wp\/v2\/comments?post=30442"}],"version-history":[{"count":0,"href":"https:\/\/radio94fm.net\/site\/wp-json\/wp\/v2\/posts\/30442\/revisions"}],"wp:featuredmedia":[{"embeddable":true,"href":"https:\/\/radio94fm.net\/site\/wp-json\/"}],"wp:attachment":[{"href":"https:\/\/radio94fm.net\/site\/wp-json\/wp\/v2\/media?parent=30442"}],"wp:term":[{"taxonomy":"category","embeddable":true,"href":"https:\/\/radio94fm.net\/site\/wp-json\/wp\/v2\/categories?post=30442"},{"taxonomy":"post_tag","embeddable":true,"href":"https:\/\/radio94fm.net\/site\/wp-json\/wp\/v2\/tags?post=30442"}],"curies":[{"name":"wp","href":"https:\/\/api.w.org\/{rel}","templated":true}]}}