{"id":30412,"date":"2019-04-26T15:47:33","date_gmt":"2019-04-26T18:47:33","guid":{"rendered":"http:\/\/www.radio94fm.net\/site\/?p=30412"},"modified":"2019-04-26T15:47:33","modified_gmt":"2019-04-26T18:47:33","slug":"associacao-aplica-novos-recursos-em-orgaos-de-seguranca-publica-de-lavras","status":"publish","type":"post","link":"https:\/\/radio94fm.net\/site\/associacao-aplica-novos-recursos-em-orgaos-de-seguranca-publica-de-lavras\/","title":{"rendered":"Associa\u00e7\u00e3o aplica novos recursos em \u00f3rg\u00e3os de seguran\u00e7a p\u00fablica de Lavras"},"content":{"rendered":"<p><img decoding=\"async\" src=\"https:\/\/www.radio94fm.net\/site\/wp-content\/uploads\/2016\/12\/FIQUE-POR-DENTRO-BANNER-DENTRO-2.gif\"><\/p>\n<p>&nbsp;<\/p>\n<p>&nbsp;<\/p>\n<p>&nbsp;<\/p>\n<p><span style=\"font-weight: 400;\">A ALASP, que \u00e9 a Associa\u00e7\u00e3o Lavrense para Assuntos de Seguran\u00e7a P\u00fablica, captou em 2018 a verba de R$232.000,00 do Tribunal de Justi\u00e7a de Minas Gerais e a destinou aos \u00f3rg\u00e3os da seguran\u00e7a p\u00fablica da cidade, como a Pol\u00edcia Militar, a Pol\u00edcia Civil e o Pres\u00eddio de Lavras. Clique abaixo para ouvir a mat\u00e9ria\u2026<\/span><\/p>\n<p>&nbsp;<\/p>\n<p>&nbsp;<\/p>\n<p>&nbsp;<\/p>\n<audio class=\"wp-audio-shortcode\" id=\"audio-30412-1\" preload=\"none\" style=\"width: 100%;\" controls=\"controls\"><source type=\"audio\/mpeg\" src=\"https:\/\/www.radio94fm.net\/site\/wp-content\/uploads\/2019\/04\/FPD-ALASP-APLICA-RECURSOS-25-04-19-Pedro.mp3?_=1\" \/><a href=\"https:\/\/www.radio94fm.net\/site\/wp-content\/uploads\/2019\/04\/FPD-ALASP-APLICA-RECURSOS-25-04-19-Pedro.mp3\">https:\/\/www.radio94fm.net\/site\/wp-content\/uploads\/2019\/04\/FPD-ALASP-APLICA-RECURSOS-25-04-19-Pedro.mp3<\/a><\/audio>\n<p>&nbsp;<\/p>\n<p>&nbsp;<\/p>\n<p>&nbsp;<\/p>\n<p><img loading=\"lazy\" decoding=\"async\" title=\"\" src=\"https:\/\/www.radio94fm.net\/site\/wp-content\/uploads\/2017\/05\/FIQUE-POR-DENTRO-HORARIO-6-1.gif\" alt=\"\" width=\"604\" height=\"144\"><\/p>\n","protected":false},"excerpt":{"rendered":"<p>&nbsp; &nbsp; &nbsp; A ALASP, que \u00e9 a Associa\u00e7\u00e3o Lavrense para Assuntos de Seguran\u00e7a P\u00fablica, captou em 2018 a verba de R$232.000,00 do Tribunal de Justi\u00e7a de Minas Gerais e a destinou aos \u00f3rg\u00e3os da seguran\u00e7a p\u00fablica da cidade, como a Pol\u00edcia Militar, a Pol\u00edcia Civil e o Pres\u00eddio de Lavras. Clique abaixo para ouvir&#8230;<\/p>\n","protected":false},"author":1,"featured_media":30414,"comment_status":"open","ping_status":"closed","sticky":false,"template":"","format":"standard","meta":{"ngg_post_thumbnail":0,"footnotes":""},"categories":[54],"tags":[],"class_list":["post-30412","post","type-post","status-publish","format-standard","has-post-thumbnail","hentry","category-fique-por-dentro","have-post-thumb"],"_links":{"self":[{"href":"https:\/\/radio94fm.net\/site\/wp-json\/wp\/v2\/posts\/30412","targetHints":{"allow":["GET"]}}],"collection":[{"href":"https:\/\/radio94fm.net\/site\/wp-json\/wp\/v2\/posts"}],"about":[{"href":"https:\/\/radio94fm.net\/site\/wp-json\/wp\/v2\/types\/post"}],"author":[{"embeddable":true,"href":"https:\/\/radio94fm.net\/site\/wp-json\/wp\/v2\/users\/1"}],"replies":[{"embeddable":true,"href":"https:\/\/radio94fm.net\/site\/wp-json\/wp\/v2\/comments?post=30412"}],"version-history":[{"count":0,"href":"https:\/\/radio94fm.net\/site\/wp-json\/wp\/v2\/posts\/30412\/revisions"}],"wp:attachment":[{"href":"https:\/\/radio94fm.net\/site\/wp-json\/wp\/v2\/media?parent=30412"}],"wp:term":[{"taxonomy":"category","embeddable":true,"href":"https:\/\/radio94fm.net\/site\/wp-json\/wp\/v2\/categories?post=30412"},{"taxonomy":"post_tag","embeddable":true,"href":"https:\/\/radio94fm.net\/site\/wp-json\/wp\/v2\/tags?post=30412"}],"curies":[{"name":"wp","href":"https:\/\/api.w.org\/{rel}","templated":true}]}}