{"id":30404,"date":"2019-04-26T15:43:58","date_gmt":"2019-04-26T18:43:58","guid":{"rendered":"http:\/\/www.radio94fm.net\/site\/?p=30404"},"modified":"2019-04-26T15:43:58","modified_gmt":"2019-04-26T18:43:58","slug":"piquenique-de-conscientizacao-do-autismo-acontece-neste-domingo","status":"publish","type":"post","link":"https:\/\/radio94fm.net\/site\/piquenique-de-conscientizacao-do-autismo-acontece-neste-domingo\/","title":{"rendered":"Piquenique de conscientiza\u00e7\u00e3o do autismo acontece neste domingo"},"content":{"rendered":"<p><img decoding=\"async\" src=\"https:\/\/www.radio94fm.net\/site\/wp-content\/uploads\/2016\/12\/FIQUE-POR-DENTRO-BANNER-DENTRO-2.gif\"><\/p>\n<p>&nbsp;<\/p>\n<p>&nbsp;<\/p>\n<p>&nbsp;<\/p>\n<p><span style=\"font-weight: 400;\">Neste domingo, dia 28, acontece o 3\u00ba Piquenique da Conscientiza\u00e7\u00e3o, organizado pela Associa\u00e7\u00e3o Contato, entidade que re\u00fane m\u00e3es e pais de crian\u00e7as autistas de Lavras. O objetivo do encontro \u00e9 proporcionar uma tarde de lazer para os autistas e um ambiente de conviv\u00eancia para seus familiares. Clique abaixo para ouvir a mat\u00e9ria\u2026<\/span><\/p>\n<p>&nbsp;<\/p>\n<p>&nbsp;<\/p>\n<p>&nbsp;<\/p>\n<audio class=\"wp-audio-shortcode\" id=\"audio-30404-1\" preload=\"none\" style=\"width: 100%;\" controls=\"controls\"><source type=\"audio\/mpeg\" src=\"https:\/\/www.radio94fm.net\/site\/wp-content\/uploads\/2019\/04\/FPD-AUTISMO-PIQUENIQUE-DE-CONSCIENTIZACAO-24-04-19-Pedro.mp3?_=1\" \/><a href=\"https:\/\/www.radio94fm.net\/site\/wp-content\/uploads\/2019\/04\/FPD-AUTISMO-PIQUENIQUE-DE-CONSCIENTIZACAO-24-04-19-Pedro.mp3\">https:\/\/www.radio94fm.net\/site\/wp-content\/uploads\/2019\/04\/FPD-AUTISMO-PIQUENIQUE-DE-CONSCIENTIZACAO-24-04-19-Pedro.mp3<\/a><\/audio>\n<p>&nbsp;<\/p>\n<p>&nbsp;<\/p>\n<p>&nbsp;<\/p>\n<p>&nbsp;<\/p>\n<p><img loading=\"lazy\" decoding=\"async\" title=\"\" src=\"https:\/\/www.radio94fm.net\/site\/wp-content\/uploads\/2017\/05\/FIQUE-POR-DENTRO-HORARIO-6-1.gif\" alt=\"\" width=\"604\" height=\"144\"><\/p>\n","protected":false},"excerpt":{"rendered":"<p>&nbsp; &nbsp; &nbsp; Neste domingo, dia 28, acontece o 3\u00ba Piquenique da Conscientiza\u00e7\u00e3o, organizado pela Associa\u00e7\u00e3o Contato, entidade que re\u00fane m\u00e3es e pais de crian\u00e7as autistas de Lavras. O objetivo do encontro \u00e9 proporcionar uma tarde de lazer para os autistas e um ambiente de conviv\u00eancia para seus familiares. Clique abaixo para ouvir a mat\u00e9ria\u2026&#8230;<\/p>\n","protected":false},"author":1,"featured_media":30406,"comment_status":"open","ping_status":"closed","sticky":false,"template":"","format":"standard","meta":{"ngg_post_thumbnail":0,"footnotes":""},"categories":[54],"tags":[],"class_list":["post-30404","post","type-post","status-publish","format-standard","has-post-thumbnail","hentry","category-fique-por-dentro","have-post-thumb"],"_links":{"self":[{"href":"https:\/\/radio94fm.net\/site\/wp-json\/wp\/v2\/posts\/30404","targetHints":{"allow":["GET"]}}],"collection":[{"href":"https:\/\/radio94fm.net\/site\/wp-json\/wp\/v2\/posts"}],"about":[{"href":"https:\/\/radio94fm.net\/site\/wp-json\/wp\/v2\/types\/post"}],"author":[{"embeddable":true,"href":"https:\/\/radio94fm.net\/site\/wp-json\/wp\/v2\/users\/1"}],"replies":[{"embeddable":true,"href":"https:\/\/radio94fm.net\/site\/wp-json\/wp\/v2\/comments?post=30404"}],"version-history":[{"count":0,"href":"https:\/\/radio94fm.net\/site\/wp-json\/wp\/v2\/posts\/30404\/revisions"}],"wp:attachment":[{"href":"https:\/\/radio94fm.net\/site\/wp-json\/wp\/v2\/media?parent=30404"}],"wp:term":[{"taxonomy":"category","embeddable":true,"href":"https:\/\/radio94fm.net\/site\/wp-json\/wp\/v2\/categories?post=30404"},{"taxonomy":"post_tag","embeddable":true,"href":"https:\/\/radio94fm.net\/site\/wp-json\/wp\/v2\/tags?post=30404"}],"curies":[{"name":"wp","href":"https:\/\/api.w.org\/{rel}","templated":true}]}}