{"id":30392,"date":"2019-04-24T13:27:37","date_gmt":"2019-04-24T16:27:37","guid":{"rendered":"http:\/\/www.radio94fm.net\/site\/?p=30392"},"modified":"2019-04-24T13:27:37","modified_gmt":"2019-04-24T16:27:37","slug":"casa-da-cultura-recebera-ciclo-de-estudos-em-politicas-culturais","status":"publish","type":"post","link":"https:\/\/radio94fm.net\/site\/casa-da-cultura-recebera-ciclo-de-estudos-em-politicas-culturais\/","title":{"rendered":"Casa da Cultura receber\u00e1 Ciclo de Estudos em Pol\u00edticas Culturais"},"content":{"rendered":"<p><img decoding=\"async\" src=\"https:\/\/www.radio94fm.net\/site\/wp-content\/uploads\/2016\/12\/FIQUE-POR-DENTRO-BANNER-DENTRO-2.gif\"><\/p>\n<p>&nbsp;<\/p>\n<p>&nbsp;<\/p>\n<p>&nbsp;<\/p>\n<p><span style=\"font-weight: 400;\">A partir desta quarta-feira, dia 24, a Casa da Cultura de Lavras ir\u00e1 receber o Ciclo de Estudos em Pol\u00edticas Culturais, com discuss\u00f5es sobre Pol\u00edtica Cultural Nacional, Crise pol\u00edtico-econ\u00f4mica e o Papel dos Munic\u00edpios na Gest\u00e3o da Cultura. Clique e confira a mat\u00e9ria:<\/span><\/p>\n<p>&nbsp;<\/p>\n<p>&nbsp;<\/p>\n<p>&nbsp;<\/p>\n<audio class=\"wp-audio-shortcode\" id=\"audio-30392-1\" preload=\"none\" style=\"width: 100%;\" controls=\"controls\"><source type=\"audio\/mpeg\" src=\"https:\/\/www.radio94fm.net\/site\/wp-content\/uploads\/2019\/04\/FPD-CICLO-DE-ESTUDOS-POLITICAS-CULTURAIS-23-04-19-Adelina.mp3?_=1\" \/><a href=\"https:\/\/www.radio94fm.net\/site\/wp-content\/uploads\/2019\/04\/FPD-CICLO-DE-ESTUDOS-POLITICAS-CULTURAIS-23-04-19-Adelina.mp3\">https:\/\/www.radio94fm.net\/site\/wp-content\/uploads\/2019\/04\/FPD-CICLO-DE-ESTUDOS-POLITICAS-CULTURAIS-23-04-19-Adelina.mp3<\/a><\/audio>\n<p>&nbsp;<\/p>\n<p>&nbsp;<\/p>\n<p>&nbsp;<\/p>\n<p>&nbsp;<\/p>\n<p><img loading=\"lazy\" decoding=\"async\" title=\"\" src=\"https:\/\/www.radio94fm.net\/site\/wp-content\/uploads\/2017\/05\/FIQUE-POR-DENTRO-HORARIO-6-1.gif\" alt=\"\" width=\"604\" height=\"144\"><\/p>\n","protected":false},"excerpt":{"rendered":"<p>&nbsp; &nbsp; &nbsp; A partir desta quarta-feira, dia 24, a Casa da Cultura de Lavras ir\u00e1 receber o Ciclo de Estudos em Pol\u00edticas Culturais, com discuss\u00f5es sobre Pol\u00edtica Cultural Nacional, Crise pol\u00edtico-econ\u00f4mica e o Papel dos Munic\u00edpios na Gest\u00e3o da Cultura. Clique e confira a mat\u00e9ria: &nbsp; &nbsp; &nbsp; &nbsp; &nbsp; &nbsp; &nbsp;<\/p>\n","protected":false},"author":1,"featured_media":30394,"comment_status":"open","ping_status":"closed","sticky":false,"template":"","format":"standard","meta":{"ngg_post_thumbnail":0,"footnotes":""},"categories":[54],"tags":[],"class_list":["post-30392","post","type-post","status-publish","format-standard","has-post-thumbnail","hentry","category-fique-por-dentro","have-post-thumb"],"_links":{"self":[{"href":"https:\/\/radio94fm.net\/site\/wp-json\/wp\/v2\/posts\/30392","targetHints":{"allow":["GET"]}}],"collection":[{"href":"https:\/\/radio94fm.net\/site\/wp-json\/wp\/v2\/posts"}],"about":[{"href":"https:\/\/radio94fm.net\/site\/wp-json\/wp\/v2\/types\/post"}],"author":[{"embeddable":true,"href":"https:\/\/radio94fm.net\/site\/wp-json\/wp\/v2\/users\/1"}],"replies":[{"embeddable":true,"href":"https:\/\/radio94fm.net\/site\/wp-json\/wp\/v2\/comments?post=30392"}],"version-history":[{"count":0,"href":"https:\/\/radio94fm.net\/site\/wp-json\/wp\/v2\/posts\/30392\/revisions"}],"wp:attachment":[{"href":"https:\/\/radio94fm.net\/site\/wp-json\/wp\/v2\/media?parent=30392"}],"wp:term":[{"taxonomy":"category","embeddable":true,"href":"https:\/\/radio94fm.net\/site\/wp-json\/wp\/v2\/categories?post=30392"},{"taxonomy":"post_tag","embeddable":true,"href":"https:\/\/radio94fm.net\/site\/wp-json\/wp\/v2\/tags?post=30392"}],"curies":[{"name":"wp","href":"https:\/\/api.w.org\/{rel}","templated":true}]}}