{"id":30376,"date":"2019-04-24T13:15:43","date_gmt":"2019-04-24T16:15:43","guid":{"rendered":"http:\/\/www.radio94fm.net\/site\/?p=30376"},"modified":"2019-04-24T13:15:43","modified_gmt":"2019-04-24T16:15:43","slug":"cabelinho-da-lua-lanca-novo-cd-totalmente-dedicado-ao-reggae","status":"publish","type":"post","link":"https:\/\/radio94fm.net\/site\/cabelinho-da-lua-lanca-novo-cd-totalmente-dedicado-ao-reggae\/","title":{"rendered":"Cabelinho da Lua lan\u00e7a novo CD totalmente dedicado ao Reggae"},"content":{"rendered":"<p><img decoding=\"async\" src=\"https:\/\/www.radio94fm.net\/site\/wp-content\/uploads\/2016\/12\/FIQUE-POR-DENTRO-BANNER-DENTRO-2.gif\"><\/p>\n<p>&nbsp;<\/p>\n<p>&nbsp;<\/p>\n<p>&nbsp;<\/p>\n<p><span style=\"font-weight: 400;\">No \u00faltimo s\u00e1bado, dia 6, o m\u00fasico lavrense, Cabelinho da Lua, lan\u00e7ou seu novo CD com m\u00fasicas autorais, intitulado &#8220;Esterco de Galinha&#8221;. A produ\u00e7\u00e3o, realizada em S\u00e3o Paulo durante o m\u00eas de mar\u00e7o deste ano, contou com a produ\u00e7\u00e3o de Rasportuga, da Zion Produ\u00e7\u00f5es. Clique abaixo para ouvir a mat\u00e9ria\u2026<\/span><\/p>\n<p>&nbsp;<\/p>\n<p>&nbsp;<\/p>\n<p>&nbsp;<\/p>\n<audio class=\"wp-audio-shortcode\" id=\"audio-30376-1\" preload=\"none\" style=\"width: 100%;\" controls=\"controls\"><source type=\"audio\/mpeg\" src=\"https:\/\/www.radio94fm.net\/site\/wp-content\/uploads\/2019\/04\/FPD-CABELINHO-DA-LUA-CD-15-04-19-Pedro.mp3?_=1\" \/><a href=\"https:\/\/www.radio94fm.net\/site\/wp-content\/uploads\/2019\/04\/FPD-CABELINHO-DA-LUA-CD-15-04-19-Pedro.mp3\">https:\/\/www.radio94fm.net\/site\/wp-content\/uploads\/2019\/04\/FPD-CABELINHO-DA-LUA-CD-15-04-19-Pedro.mp3<\/a><\/audio>\n<p>&nbsp;<\/p>\n<p>&nbsp;<\/p>\n<p>&nbsp;<\/p>\n<p>&nbsp;<\/p>\n<p><img loading=\"lazy\" decoding=\"async\" title=\"\" src=\"https:\/\/www.radio94fm.net\/site\/wp-content\/uploads\/2017\/05\/FIQUE-POR-DENTRO-HORARIO-6-1.gif\" alt=\"\" width=\"604\" height=\"144\"><\/p>\n","protected":false},"excerpt":{"rendered":"<p>&nbsp; &nbsp; &nbsp; No \u00faltimo s\u00e1bado, dia 6, o m\u00fasico lavrense, Cabelinho da Lua, lan\u00e7ou seu novo CD com m\u00fasicas autorais, intitulado &#8220;Esterco de Galinha&#8221;. A produ\u00e7\u00e3o, realizada em S\u00e3o Paulo durante o m\u00eas de mar\u00e7o deste ano, contou com a produ\u00e7\u00e3o de Rasportuga, da Zion Produ\u00e7\u00f5es. Clique abaixo para ouvir a mat\u00e9ria\u2026 &nbsp; &nbsp;&#8230;<\/p>\n","protected":false},"author":1,"featured_media":30378,"comment_status":"open","ping_status":"closed","sticky":false,"template":"","format":"standard","meta":{"ngg_post_thumbnail":0,"footnotes":""},"categories":[54],"tags":[],"class_list":["post-30376","post","type-post","status-publish","format-standard","has-post-thumbnail","hentry","category-fique-por-dentro","have-post-thumb"],"_links":{"self":[{"href":"https:\/\/radio94fm.net\/site\/wp-json\/wp\/v2\/posts\/30376","targetHints":{"allow":["GET"]}}],"collection":[{"href":"https:\/\/radio94fm.net\/site\/wp-json\/wp\/v2\/posts"}],"about":[{"href":"https:\/\/radio94fm.net\/site\/wp-json\/wp\/v2\/types\/post"}],"author":[{"embeddable":true,"href":"https:\/\/radio94fm.net\/site\/wp-json\/wp\/v2\/users\/1"}],"replies":[{"embeddable":true,"href":"https:\/\/radio94fm.net\/site\/wp-json\/wp\/v2\/comments?post=30376"}],"version-history":[{"count":0,"href":"https:\/\/radio94fm.net\/site\/wp-json\/wp\/v2\/posts\/30376\/revisions"}],"wp:attachment":[{"href":"https:\/\/radio94fm.net\/site\/wp-json\/wp\/v2\/media?parent=30376"}],"wp:term":[{"taxonomy":"category","embeddable":true,"href":"https:\/\/radio94fm.net\/site\/wp-json\/wp\/v2\/categories?post=30376"},{"taxonomy":"post_tag","embeddable":true,"href":"https:\/\/radio94fm.net\/site\/wp-json\/wp\/v2\/tags?post=30376"}],"curies":[{"name":"wp","href":"https:\/\/api.w.org\/{rel}","templated":true}]}}