{"id":30315,"date":"2019-04-09T14:42:54","date_gmt":"2019-04-09T17:42:54","guid":{"rendered":"http:\/\/www.radio94fm.net\/site\/?p=30315"},"modified":"2019-04-09T14:42:54","modified_gmt":"2019-04-09T17:42:54","slug":"oab-barra-inscricao-de-bachareis-acusados-de-violencia-contra-mulheres","status":"publish","type":"post","link":"https:\/\/radio94fm.net\/site\/oab-barra-inscricao-de-bachareis-acusados-de-violencia-contra-mulheres\/","title":{"rendered":"OAB barra inscri\u00e7\u00e3o de bachar\u00e9is acusados de viol\u00eancia contra mulheres"},"content":{"rendered":"<p><img decoding=\"async\" src=\"https:\/\/www.radio94fm.net\/site\/wp-content\/uploads\/2016\/12\/FIQUE-POR-DENTRO-BANNER-DENTRO-2.gif\"><\/p>\n<p>&nbsp;<\/p>\n<p>&nbsp;<\/p>\n<p>&nbsp;<\/p>\n<p><span style=\"font-weight: 400;\">Atendendo a um pedido da Comiss\u00e3o da Mulher Advogada, A Ordem dos Advogados do Brasil aprovou, no dia 18 do \u00faltimo m\u00eas, regras que impedem bachar\u00e9is envolvidos em casos de viol\u00eancia contra mulheres, de obter inscri\u00e7\u00e3o na Ordem, mesmo nos casos ainda sem decis\u00e3o judicial. Clique abaixo para ouvir a mat\u00e9ria\u2026<\/span><\/p>\n<p>&nbsp;<\/p>\n<p>&nbsp;<\/p>\n<p>&nbsp;<\/p>\n<audio class=\"wp-audio-shortcode\" id=\"audio-30315-1\" preload=\"none\" style=\"width: 100%;\" controls=\"controls\"><source type=\"audio\/mpeg\" src=\"https:\/\/www.radio94fm.net\/site\/wp-content\/uploads\/2019\/04\/FPD-OAB-BARRA-ACUSADOS-DE-VIOLENCIA-04-04-19-Pedro.mp3?_=1\" \/><a href=\"https:\/\/www.radio94fm.net\/site\/wp-content\/uploads\/2019\/04\/FPD-OAB-BARRA-ACUSADOS-DE-VIOLENCIA-04-04-19-Pedro.mp3\">https:\/\/www.radio94fm.net\/site\/wp-content\/uploads\/2019\/04\/FPD-OAB-BARRA-ACUSADOS-DE-VIOLENCIA-04-04-19-Pedro.mp3<\/a><\/audio>\n<p>&nbsp;<\/p>\n<p>&nbsp;<\/p>\n<p>&nbsp;<\/p>\n<p>&nbsp;<\/p>\n<p><img loading=\"lazy\" decoding=\"async\" title=\"\" src=\"https:\/\/www.radio94fm.net\/site\/wp-content\/uploads\/2017\/05\/FIQUE-POR-DENTRO-HORARIO-6-1.gif\" alt=\"\" width=\"604\" height=\"144\"><\/p>\n","protected":false},"excerpt":{"rendered":"<p>&nbsp; &nbsp; &nbsp; Atendendo a um pedido da Comiss\u00e3o da Mulher Advogada, A Ordem dos Advogados do Brasil aprovou, no dia 18 do \u00faltimo m\u00eas, regras que impedem bachar\u00e9is envolvidos em casos de viol\u00eancia contra mulheres, de obter inscri\u00e7\u00e3o na Ordem, mesmo nos casos ainda sem decis\u00e3o judicial. Clique abaixo para ouvir a mat\u00e9ria\u2026 &nbsp;&#8230;<\/p>\n","protected":false},"author":1,"featured_media":30317,"comment_status":"open","ping_status":"closed","sticky":false,"template":"","format":"standard","meta":{"ngg_post_thumbnail":0,"footnotes":""},"categories":[54],"tags":[],"class_list":["post-30315","post","type-post","status-publish","format-standard","has-post-thumbnail","hentry","category-fique-por-dentro","have-post-thumb"],"_links":{"self":[{"href":"https:\/\/radio94fm.net\/site\/wp-json\/wp\/v2\/posts\/30315","targetHints":{"allow":["GET"]}}],"collection":[{"href":"https:\/\/radio94fm.net\/site\/wp-json\/wp\/v2\/posts"}],"about":[{"href":"https:\/\/radio94fm.net\/site\/wp-json\/wp\/v2\/types\/post"}],"author":[{"embeddable":true,"href":"https:\/\/radio94fm.net\/site\/wp-json\/wp\/v2\/users\/1"}],"replies":[{"embeddable":true,"href":"https:\/\/radio94fm.net\/site\/wp-json\/wp\/v2\/comments?post=30315"}],"version-history":[{"count":0,"href":"https:\/\/radio94fm.net\/site\/wp-json\/wp\/v2\/posts\/30315\/revisions"}],"wp:attachment":[{"href":"https:\/\/radio94fm.net\/site\/wp-json\/wp\/v2\/media?parent=30315"}],"wp:term":[{"taxonomy":"category","embeddable":true,"href":"https:\/\/radio94fm.net\/site\/wp-json\/wp\/v2\/categories?post=30315"},{"taxonomy":"post_tag","embeddable":true,"href":"https:\/\/radio94fm.net\/site\/wp-json\/wp\/v2\/tags?post=30315"}],"curies":[{"name":"wp","href":"https:\/\/api.w.org\/{rel}","templated":true}]}}