{"id":30290,"date":"2019-04-08T18:47:21","date_gmt":"2019-04-08T21:47:21","guid":{"rendered":"http:\/\/www.radio94fm.net\/site\/?p=30290"},"modified":"2019-04-08T18:47:21","modified_gmt":"2019-04-08T21:47:21","slug":"esporte-clube-nova-lavras-representa-o-municipio-na-copa-alterosa-de-futebol-amador","status":"publish","type":"post","link":"https:\/\/radio94fm.net\/site\/esporte-clube-nova-lavras-representa-o-municipio-na-copa-alterosa-de-futebol-amador\/","title":{"rendered":"Esporte Clube Nova Lavras representa o munic\u00edpio na Copa Alterosa de Futebol Amador"},"content":{"rendered":"<p><img decoding=\"async\" src=\"https:\/\/www.radio94fm.net\/site\/wp-content\/uploads\/2016\/12\/FIQUE-POR-DENTRO-BANNER-DENTRO-2.gif\"><\/p>\n<p>&nbsp;<\/p>\n<p>&nbsp;<\/p>\n<p><span style=\"font-weight: 400;\">A Sele\u00e7\u00e3o do Esporte Clube Nova Lavras, representante da cidade, estreia no pr\u00f3ximo dia 13 de abril na Copa Alterosa de Futebol Amador. A partida acontecer\u00e1 no Est\u00e1dio Elias Arbex, em Tr\u00eas Cora\u00e7\u00f5es, \u00e0s 19 horas, com entrada gratuita. Clique e confira a mat\u00e9ria:<\/span><\/p>\n<p>&nbsp;<\/p>\n<p>&nbsp;<\/p>\n<p>&nbsp;<\/p>\n<audio class=\"wp-audio-shortcode\" id=\"audio-30290-1\" preload=\"none\" style=\"width: 100%;\" controls=\"controls\"><source type=\"audio\/mpeg\" src=\"https:\/\/www.radio94fm.net\/site\/wp-content\/uploads\/2019\/04\/FPD-COPA-ALTEROSA-FUTEBOL-AMADOR-05-04-19-Adelina.mp3?_=1\" \/><a href=\"https:\/\/www.radio94fm.net\/site\/wp-content\/uploads\/2019\/04\/FPD-COPA-ALTEROSA-FUTEBOL-AMADOR-05-04-19-Adelina.mp3\">https:\/\/www.radio94fm.net\/site\/wp-content\/uploads\/2019\/04\/FPD-COPA-ALTEROSA-FUTEBOL-AMADOR-05-04-19-Adelina.mp3<\/a><\/audio>\n<p>&nbsp;<\/p>\n<p>&nbsp;<\/p>\n<p>&nbsp;<\/p>\n<p>&nbsp;<\/p>\n<p><img loading=\"lazy\" decoding=\"async\" title=\"\" src=\"https:\/\/www.radio94fm.net\/site\/wp-content\/uploads\/2017\/05\/FIQUE-POR-DENTRO-HORARIO-6-1.gif\" alt=\"\" width=\"604\" height=\"144\"><\/p>\n<p>&nbsp;<\/p>\n","protected":false},"excerpt":{"rendered":"<p>&nbsp; &nbsp; A Sele\u00e7\u00e3o do Esporte Clube Nova Lavras, representante da cidade, estreia no pr\u00f3ximo dia 13 de abril na Copa Alterosa de Futebol Amador. A partida acontecer\u00e1 no Est\u00e1dio Elias Arbex, em Tr\u00eas Cora\u00e7\u00f5es, \u00e0s 19 horas, com entrada gratuita. Clique e confira a mat\u00e9ria: &nbsp; &nbsp; &nbsp; &nbsp; &nbsp; &nbsp; &nbsp; &nbsp;<\/p>\n","protected":false},"author":1,"featured_media":30292,"comment_status":"open","ping_status":"closed","sticky":false,"template":"","format":"standard","meta":{"ngg_post_thumbnail":0,"footnotes":""},"categories":[54],"tags":[],"class_list":["post-30290","post","type-post","status-publish","format-standard","has-post-thumbnail","hentry","category-fique-por-dentro","have-post-thumb"],"_links":{"self":[{"href":"https:\/\/radio94fm.net\/site\/wp-json\/wp\/v2\/posts\/30290","targetHints":{"allow":["GET"]}}],"collection":[{"href":"https:\/\/radio94fm.net\/site\/wp-json\/wp\/v2\/posts"}],"about":[{"href":"https:\/\/radio94fm.net\/site\/wp-json\/wp\/v2\/types\/post"}],"author":[{"embeddable":true,"href":"https:\/\/radio94fm.net\/site\/wp-json\/wp\/v2\/users\/1"}],"replies":[{"embeddable":true,"href":"https:\/\/radio94fm.net\/site\/wp-json\/wp\/v2\/comments?post=30290"}],"version-history":[{"count":0,"href":"https:\/\/radio94fm.net\/site\/wp-json\/wp\/v2\/posts\/30290\/revisions"}],"wp:attachment":[{"href":"https:\/\/radio94fm.net\/site\/wp-json\/wp\/v2\/media?parent=30290"}],"wp:term":[{"taxonomy":"category","embeddable":true,"href":"https:\/\/radio94fm.net\/site\/wp-json\/wp\/v2\/categories?post=30290"},{"taxonomy":"post_tag","embeddable":true,"href":"https:\/\/radio94fm.net\/site\/wp-json\/wp\/v2\/tags?post=30290"}],"curies":[{"name":"wp","href":"https:\/\/api.w.org\/{rel}","templated":true}]}}