{"id":30253,"date":"2019-03-29T15:02:29","date_gmt":"2019-03-29T18:02:29","guid":{"rendered":"http:\/\/www.radio94fm.net\/site\/?p=30253"},"modified":"2019-03-29T15:02:29","modified_gmt":"2019-03-29T18:02:29","slug":"encontrao-das-embaixadas-de-santos-reis-em-lavras-acontece-no-final-de-abril","status":"publish","type":"post","link":"https:\/\/radio94fm.net\/site\/encontrao-das-embaixadas-de-santos-reis-em-lavras-acontece-no-final-de-abril\/","title":{"rendered":"Encontr\u00e3o das Embaixadas de Santos Reis em Lavras acontece no final de abril"},"content":{"rendered":"<p><img decoding=\"async\" src=\"https:\/\/www.radio94fm.net\/site\/wp-content\/uploads\/2016\/12\/FIQUE-POR-DENTRO-BANNER-DENTRO-2.gif\"><\/p>\n<p>&nbsp;<\/p>\n<p>&nbsp;<\/p>\n<p><span style=\"font-weight: 400;\">No final do m\u00eas de abril, acontecer\u00e1 no bairro S\u00e3o Vicente, o \u201c19\u00ba Encontr\u00e3o das Embaixadas de Santos Reis de Lavras\u201d, que ter\u00e1 a participa\u00e7\u00e3o das embaixadas de Lavras e de diversas cidades vizinhas, como Lumin\u00e1rias e S\u00e3o Tom\u00e9 das Letras. Clique abaixo para ouvir a mat\u00e9ria\u2026<\/span><\/p>\n<p>&nbsp;<\/p>\n<p>&nbsp;<\/p>\n<audio class=\"wp-audio-shortcode\" id=\"audio-30253-1\" preload=\"none\" style=\"width: 100%;\" controls=\"controls\"><source type=\"audio\/mpeg\" src=\"https:\/\/www.radio94fm.net\/site\/wp-content\/uploads\/2019\/03\/FPD-ENCONTRAO-DAS-EMBAIXADAS-29-03-19-Pedro.mp3?_=1\" \/><a href=\"https:\/\/www.radio94fm.net\/site\/wp-content\/uploads\/2019\/03\/FPD-ENCONTRAO-DAS-EMBAIXADAS-29-03-19-Pedro.mp3\">https:\/\/www.radio94fm.net\/site\/wp-content\/uploads\/2019\/03\/FPD-ENCONTRAO-DAS-EMBAIXADAS-29-03-19-Pedro.mp3<\/a><\/audio>\n<p>&nbsp;<\/p>\n<p>&nbsp;<\/p>\n<p>&nbsp;<\/p>\n<p><img loading=\"lazy\" decoding=\"async\" title=\"\" src=\"https:\/\/www.radio94fm.net\/site\/wp-content\/uploads\/2017\/05\/FIQUE-POR-DENTRO-HORARIO-6-1.gif\" alt=\"\" width=\"604\" height=\"144\"><\/p>\n","protected":false},"excerpt":{"rendered":"<p>&nbsp; &nbsp; No final do m\u00eas de abril, acontecer\u00e1 no bairro S\u00e3o Vicente, o \u201c19\u00ba Encontr\u00e3o das Embaixadas de Santos Reis de Lavras\u201d, que ter\u00e1 a participa\u00e7\u00e3o das embaixadas de Lavras e de diversas cidades vizinhas, como Lumin\u00e1rias e S\u00e3o Tom\u00e9 das Letras. Clique abaixo para ouvir a mat\u00e9ria\u2026 &nbsp; &nbsp; &nbsp; &nbsp; &nbsp;<\/p>\n","protected":false},"author":1,"featured_media":30255,"comment_status":"open","ping_status":"closed","sticky":false,"template":"","format":"standard","meta":{"ngg_post_thumbnail":0,"footnotes":""},"categories":[54],"tags":[],"class_list":["post-30253","post","type-post","status-publish","format-standard","has-post-thumbnail","hentry","category-fique-por-dentro","have-post-thumb"],"_links":{"self":[{"href":"https:\/\/radio94fm.net\/site\/wp-json\/wp\/v2\/posts\/30253","targetHints":{"allow":["GET"]}}],"collection":[{"href":"https:\/\/radio94fm.net\/site\/wp-json\/wp\/v2\/posts"}],"about":[{"href":"https:\/\/radio94fm.net\/site\/wp-json\/wp\/v2\/types\/post"}],"author":[{"embeddable":true,"href":"https:\/\/radio94fm.net\/site\/wp-json\/wp\/v2\/users\/1"}],"replies":[{"embeddable":true,"href":"https:\/\/radio94fm.net\/site\/wp-json\/wp\/v2\/comments?post=30253"}],"version-history":[{"count":0,"href":"https:\/\/radio94fm.net\/site\/wp-json\/wp\/v2\/posts\/30253\/revisions"}],"wp:attachment":[{"href":"https:\/\/radio94fm.net\/site\/wp-json\/wp\/v2\/media?parent=30253"}],"wp:term":[{"taxonomy":"category","embeddable":true,"href":"https:\/\/radio94fm.net\/site\/wp-json\/wp\/v2\/categories?post=30253"},{"taxonomy":"post_tag","embeddable":true,"href":"https:\/\/radio94fm.net\/site\/wp-json\/wp\/v2\/tags?post=30253"}],"curies":[{"name":"wp","href":"https:\/\/api.w.org\/{rel}","templated":true}]}}