{"id":30127,"date":"2019-03-04T17:05:00","date_gmt":"2019-03-04T20:05:00","guid":{"rendered":"http:\/\/www.radio94fm.net\/site\/?p=30127"},"modified":"2019-03-04T17:05:00","modified_gmt":"2019-03-04T20:05:00","slug":"rapper-paulista-tubarao-baixada-lanca-single-com-snoop-dogg","status":"publish","type":"post","link":"https:\/\/radio94fm.net\/site\/rapper-paulista-tubarao-baixada-lanca-single-com-snoop-dogg\/","title":{"rendered":"RAPPER PAULISTA TUBAR\u00c3O BAIXADA LAN\u00c7A SINGLE COM SNOOP DOGG"},"content":{"rendered":"<div class=\"mc-column content-text active-extra-styles active-capital-letter\" data-block-type=\"unstyled\" data-block-weight=\"46\" data-block-id=\"2\">\n<p class=\"content-text__container theme-color-primary-first-letter\" data-track-category=\"Link no Texto\" data-track-links=\"\">Vocalista do grupo santista de rap Conex\u00e3o Baixada, fundado em 2002, Joseff Gomes \u2013&nbsp;<em>rapper<\/em>&nbsp;conhecido no universo do hip hop pelo nome art\u00edstico de Tubar\u00e3o Baixada \u2013 se prepara para lan\u00e7ar, neste m\u00eas de mar\u00e7o,&nbsp;<em>single<\/em>&nbsp;e clipe gravados com o&nbsp;<em>rapper<\/em>&nbsp;norte-americano Snoop Dogg.<\/p>\n<\/div>\n<div class=\"wall protected-content\">\n<div class=\"mc-column content-text active-extra-styles \" data-block-type=\"unstyled\" data-block-weight=\"87\" data-block-id=\"3\">\n<p class=\"content-text__container \" data-track-category=\"Link no Texto\" data-track-links=\"\">Viabilizada atrav\u00e9s da conex\u00e3o de Tubar\u00e3o com Kiko Latino,&nbsp;<em>rapper<\/em>&nbsp;e agente de astros norte-americanos do hip hop, a participa\u00e7\u00e3o de Snoop Dogg na grava\u00e7\u00e3o da m\u00fasica&nbsp;<strong><em>Tirando onda em L.A.<\/em><\/strong>&nbsp;\u2013 feita em novembro de 2018 com direito \u00e0 filmagem do clipe por ruas de Los Angeles, cidade da Calif\u00f3rnia (EUA) \u2013 integra movimento para impulsionar a carreira solo do artista paulista nascido e criado em Marap\u00e9 (SP), na Baixada Santista, em Santos (SP), praia em que o grupo Charlie Brown Jr. emergiu nos anos 1990.<\/p>\n<\/div>\n<div class=\"row medium-uncollapsed content-media content-photo\" data-block-type=\"backstage-photo\" data-block-id=\"4\">\n<div class=\"mc-column content-media__container\">\n<div class=\"progressive-img can-open-lightbox\" data-min-size=\"1008x667\" data-min-size-url=\"https:\/\/s2.glbimg.com\/cyhTHnvshhuc5vYum6FBOVHKcEk=\/0x0:1280x848\/1008x0\/smart\/filters:strip_icc()\/i.s3.glbimg.com\/v1\/AUTH_59edd422c0c84a879bd37670ae4f538a\/internal_photos\/bs\/2019\/B\/2\/wUiELHTbA0Q2iJ3IkjmA\/tubaraobaixadakevinmarcelasanches1.jpg\" data-max-size=\"1600x1060\" data-max-size-url=\"https:\/\/s2.glbimg.com\/ZK3S9eZR3R2v93Q05T3KO9j8ql8=\/0x0:1280x848\/1600x0\/smart\/filters:strip_icc()\/i.s3.glbimg.com\/v1\/AUTH_59edd422c0c84a879bd37670ae4f538a\/internal_photos\/bs\/2019\/B\/2\/wUiELHTbA0Q2iJ3IkjmA\/tubaraobaixadakevinmarcelasanches1.jpg\" data-media-index=\"1\">\n<div class=\"placeholder-container\">&nbsp;<\/div>\n<picture><source srcset=\"https:\/\/s2.glbimg.com\/FvfeEMzwhGG60KpOItzVtY1kmwo=\/0x0:1280x848\/600x0\/smart\/filters:strip_icc()\/i.s3.glbimg.com\/v1\/AUTH_59edd422c0c84a879bd37670ae4f538a\/internal_photos\/bs\/2019\/B\/2\/wUiELHTbA0Q2iJ3IkjmA\/tubaraobaixadakevinmarcelasanches1.jpg 1x, https:\/\/s2.glbimg.com\/73qftfBxg-7Q9SnP8iyuSEuNijM=\/0x0:1280x848\/1200x0\/smart\/filters:strip_icc()\/i.s3.glbimg.com\/v1\/AUTH_59edd422c0c84a879bd37670ae4f538a\/internal_photos\/bs\/2019\/B\/2\/wUiELHTbA0Q2iJ3IkjmA\/tubaraobaixadakevinmarcelasanches1.jpg 2x\" media=\"(max-width: 1024px)\" data-src=\"https:\/\/s2.glbimg.com\/FvfeEMzwhGG60KpOItzVtY1kmwo=\/0x0:1280x848\/600x0\/smart\/filters:strip_icc()\/i.s3.glbimg.com\/v1\/AUTH_59edd422c0c84a879bd37670ae4f538a\/internal_photos\/bs\/2019\/B\/2\/wUiELHTbA0Q2iJ3IkjmA\/tubaraobaixadakevinmarcelasanches1.jpg 1x, https:\/\/s2.glbimg.com\/73qftfBxg-7Q9SnP8iyuSEuNijM=\/0x0:1280x848\/1200x0\/smart\/filters:strip_icc()\/i.s3.glbimg.com\/v1\/AUTH_59edd422c0c84a879bd37670ae4f538a\/internal_photos\/bs\/2019\/B\/2\/wUiELHTbA0Q2iJ3IkjmA\/tubaraobaixadakevinmarcelasanches1.jpg 2x\"><source srcset=\"https:\/\/s2.glbimg.com\/053h-tBsg7e3haSWUc1RvHywDVo=\/0x0:1280x848\/640x0\/smart\/filters:strip_icc()\/i.s3.glbimg.com\/v1\/AUTH_59edd422c0c84a879bd37670ae4f538a\/internal_photos\/bs\/2019\/B\/2\/wUiELHTbA0Q2iJ3IkjmA\/tubaraobaixadakevinmarcelasanches1.jpg 1x, https:\/\/s2.glbimg.com\/IYxhLBiR-QTh45vCvYAqWkV5xhY=\/0x0:1280x848\/1280x0\/smart\/filters:strip_icc()\/i.s3.glbimg.com\/v1\/AUTH_59edd422c0c84a879bd37670ae4f538a\/internal_photos\/bs\/2019\/B\/2\/wUiELHTbA0Q2iJ3IkjmA\/tubaraobaixadakevinmarcelasanches1.jpg 2x\" media=\"(max-width: 1280px)\" data-src=\"https:\/\/s2.glbimg.com\/053h-tBsg7e3haSWUc1RvHywDVo=\/0x0:1280x848\/640x0\/smart\/filters:strip_icc()\/i.s3.glbimg.com\/v1\/AUTH_59edd422c0c84a879bd37670ae4f538a\/internal_photos\/bs\/2019\/B\/2\/wUiELHTbA0Q2iJ3IkjmA\/tubaraobaixadakevinmarcelasanches1.jpg 1x, https:\/\/s2.glbimg.com\/IYxhLBiR-QTh45vCvYAqWkV5xhY=\/0x0:1280x848\/1280x0\/smart\/filters:strip_icc()\/i.s3.glbimg.com\/v1\/AUTH_59edd422c0c84a879bd37670ae4f538a\/internal_photos\/bs\/2019\/B\/2\/wUiELHTbA0Q2iJ3IkjmA\/tubaraobaixadakevinmarcelasanches1.jpg 2x\"><source srcset=\"https:\/\/s2.glbimg.com\/3ZHHTWLRn2hfE1OShMHceT31lW8=\/0x0:1280x848\/984x0\/smart\/filters:strip_icc()\/i.s3.glbimg.com\/v1\/AUTH_59edd422c0c84a879bd37670ae4f538a\/internal_photos\/bs\/2019\/B\/2\/wUiELHTbA0Q2iJ3IkjmA\/tubaraobaixadakevinmarcelasanches1.jpg 1x, https:\/\/s2.glbimg.com\/7duBijQvblYCC9tHpoaDjkqzN7Y=\/0x0:1280x848\/1968x0\/smart\/filters:strip_icc()\/i.s3.glbimg.com\/v1\/AUTH_59edd422c0c84a879bd37670ae4f538a\/internal_photos\/bs\/2019\/B\/2\/wUiELHTbA0Q2iJ3IkjmA\/tubaraobaixadakevinmarcelasanches1.jpg 2x\" media=\"(max-width: 1360px)\" data-src=\"https:\/\/s2.glbimg.com\/3ZHHTWLRn2hfE1OShMHceT31lW8=\/0x0:1280x848\/984x0\/smart\/filters:strip_icc()\/i.s3.glbimg.com\/v1\/AUTH_59edd422c0c84a879bd37670ae4f538a\/internal_photos\/bs\/2019\/B\/2\/wUiELHTbA0Q2iJ3IkjmA\/tubaraobaixadakevinmarcelasanches1.jpg 1x, https:\/\/s2.glbimg.com\/7duBijQvblYCC9tHpoaDjkqzN7Y=\/0x0:1280x848\/1968x0\/smart\/filters:strip_icc()\/i.s3.glbimg.com\/v1\/AUTH_59edd422c0c84a879bd37670ae4f538a\/internal_photos\/bs\/2019\/B\/2\/wUiELHTbA0Q2iJ3IkjmA\/tubaraobaixadakevinmarcelasanches1.jpg 2x\"><source srcset=\"https:\/\/s2.glbimg.com\/sh1FuR-Oaq9xu_HRgDBg5bOzSfY=\/0x0:1280x848\/1000x0\/smart\/filters:strip_icc()\/i.s3.glbimg.com\/v1\/AUTH_59edd422c0c84a879bd37670ae4f538a\/internal_photos\/bs\/2019\/B\/2\/wUiELHTbA0Q2iJ3IkjmA\/tubaraobaixadakevinmarcelasanches1.jpg 1x, https:\/\/s2.glbimg.com\/_pC1TVv7h2pk1sLNhayRRZMPaLo=\/0x0:1280x848\/2000x0\/smart\/filters:strip_icc()\/i.s3.glbimg.com\/v1\/AUTH_59edd422c0c84a879bd37670ae4f538a\/internal_photos\/bs\/2019\/B\/2\/wUiELHTbA0Q2iJ3IkjmA\/tubaraobaixadakevinmarcelasanches1.jpg 2x\" media=\"(min-width: 1361px)\" data-src=\"https:\/\/s2.glbimg.com\/sh1FuR-Oaq9xu_HRgDBg5bOzSfY=\/0x0:1280x848\/1000x0\/smart\/filters:strip_icc()\/i.s3.glbimg.com\/v1\/AUTH_59edd422c0c84a879bd37670ae4f538a\/internal_photos\/bs\/2019\/B\/2\/wUiELHTbA0Q2iJ3IkjmA\/tubaraobaixadakevinmarcelasanches1.jpg 1x, https:\/\/s2.glbimg.com\/_pC1TVv7h2pk1sLNhayRRZMPaLo=\/0x0:1280x848\/2000x0\/smart\/filters:strip_icc()\/i.s3.glbimg.com\/v1\/AUTH_59edd422c0c84a879bd37670ae4f538a\/internal_photos\/bs\/2019\/B\/2\/wUiELHTbA0Q2iJ3IkjmA\/tubaraobaixadakevinmarcelasanches1.jpg 2x\"><source srcset=\"https:\/\/s2.glbimg.com\/3ZHHTWLRn2hfE1OShMHceT31lW8=\/0x0:1280x848\/984x0\/smart\/filters:strip_icc()\/i.s3.glbimg.com\/v1\/AUTH_59edd422c0c84a879bd37670ae4f538a\/internal_photos\/bs\/2019\/B\/2\/wUiELHTbA0Q2iJ3IkjmA\/tubaraobaixadakevinmarcelasanches1.jpg\" data-src=\"https:\/\/s2.glbimg.com\/3ZHHTWLRn2hfE1OShMHceT31lW8=\/0x0:1280x848\/984x0\/smart\/filters:strip_icc()\/i.s3.glbimg.com\/v1\/AUTH_59edd422c0c84a879bd37670ae4f538a\/internal_photos\/bs\/2019\/B\/2\/wUiELHTbA0Q2iJ3IkjmA\/tubaraobaixadakevinmarcelasanches1.jpg\"><\/picture><\/div>\n<\/div>\n<\/div>\n<\/div>\n","protected":false},"excerpt":{"rendered":"<p>Vocalista do grupo santista de rap Conex\u00e3o Baixada, fundado em 2002, Joseff Gomes \u2013&nbsp;rapper&nbsp;conhecido no universo do hip hop pelo nome art\u00edstico de Tubar\u00e3o Baixada \u2013 se prepara para lan\u00e7ar, neste m\u00eas de mar\u00e7o,&nbsp;single&nbsp;e clipe gravados com o&nbsp;rapper&nbsp;norte-americano Snoop Dogg. Viabilizada atrav\u00e9s da conex\u00e3o de Tubar\u00e3o com Kiko Latino,&nbsp;rapper&nbsp;e agente de astros norte-americanos do hip&#8230;<\/p>\n","protected":false},"author":1,"featured_media":30128,"comment_status":"open","ping_status":"closed","sticky":false,"template":"","format":"standard","meta":{"ngg_post_thumbnail":0,"footnotes":""},"categories":[60],"tags":[],"class_list":["post-30127","post","type-post","status-publish","format-standard","has-post-thumbnail","hentry","category-na-musica","have-post-thumb"],"_links":{"self":[{"href":"https:\/\/radio94fm.net\/site\/wp-json\/wp\/v2\/posts\/30127","targetHints":{"allow":["GET"]}}],"collection":[{"href":"https:\/\/radio94fm.net\/site\/wp-json\/wp\/v2\/posts"}],"about":[{"href":"https:\/\/radio94fm.net\/site\/wp-json\/wp\/v2\/types\/post"}],"author":[{"embeddable":true,"href":"https:\/\/radio94fm.net\/site\/wp-json\/wp\/v2\/users\/1"}],"replies":[{"embeddable":true,"href":"https:\/\/radio94fm.net\/site\/wp-json\/wp\/v2\/comments?post=30127"}],"version-history":[{"count":0,"href":"https:\/\/radio94fm.net\/site\/wp-json\/wp\/v2\/posts\/30127\/revisions"}],"wp:featuredmedia":[{"embeddable":true,"href":"https:\/\/radio94fm.net\/site\/wp-json\/"}],"wp:attachment":[{"href":"https:\/\/radio94fm.net\/site\/wp-json\/wp\/v2\/media?parent=30127"}],"wp:term":[{"taxonomy":"category","embeddable":true,"href":"https:\/\/radio94fm.net\/site\/wp-json\/wp\/v2\/categories?post=30127"},{"taxonomy":"post_tag","embeddable":true,"href":"https:\/\/radio94fm.net\/site\/wp-json\/wp\/v2\/tags?post=30127"}],"curies":[{"name":"wp","href":"https:\/\/api.w.org\/{rel}","templated":true}]}}