{"id":30121,"date":"2019-03-04T17:02:12","date_gmt":"2019-03-04T20:02:12","guid":{"rendered":"http:\/\/www.radio94fm.net\/site\/?p=30121"},"modified":"2019-03-04T17:02:12","modified_gmt":"2019-03-04T20:02:12","slug":"gravacao-inedita-revela-show-que-lancou-gil-caetano-bethania-e-gal-em-1964","status":"publish","type":"post","link":"https:\/\/radio94fm.net\/site\/gravacao-inedita-revela-show-que-lancou-gil-caetano-bethania-e-gal-em-1964\/","title":{"rendered":"GRAVA\u00c7\u00c3O IN\u00c9DITA REVELA SHOW QUE LAN\u00c7OU GIL, CAETANO, BETH\u00c2NIA E GAL EM 1964"},"content":{"rendered":"<div class=\"mc-column content-text active-extra-styles active-capital-letter\" data-block-type=\"unstyled\" data-block-weight=\"64\" data-block-id=\"2\">\n<p class=\"content-text__container theme-color-primary-first-letter\" data-track-category=\"Link no Texto\" data-track-links=\"\">Quando subiram juntos num palco pela primeira vez, para apresentar o show &#8220;N\u00f3s, por exemplo\u2026&#8221;, no Teatro Vila Velha, em 1964, o formando em Administra\u00e7\u00e3o e fiscal da Alf\u00e2ndega Gilberto Gil, o segundanista de Filosofia Caetano Veloso, a secundarista Maria Beth\u00e2nia, a balconista Gal Costa e o bolsista da Escola de M\u00fasica Tom Z\u00e9 estavam atando para sempre o destino de suas carreiras musicais.<\/p>\n<\/div>\n<div class=\"wall protected-content\">\n<div class=\"mc-column content-text active-extra-styles \" data-block-type=\"unstyled\" data-block-weight=\"40\" data-block-id=\"3\">\n<p class=\"content-text__container \" data-track-category=\"Link no Texto\" data-track-links=\"\">Antes de virarem tropicalistas e doces b\u00e1rbaros, os jovens baianos pisaram primeiro no palco do Vila Velha, para em seguida ganharem o mundo a partir do que fizeram no teatro que Gilberto Gil chamou de &#8220;pia batismal dos artistas baianos&#8221;.<\/p>\n<div class=\"mc-column content-text active-extra-styles \" data-block-type=\"unstyled\" data-block-weight=\"65\" data-block-id=\"5\">\n<p class=\"content-text__container \" data-track-category=\"Link no Texto\" data-track-links=\"\">A oportunidade de fazerem o show surgiu quando o diretor Jo\u00e3o Augusto (1928-1979) disse ao produtor Roberto Sant&#8217;Ana, seu aluno na Companhia Teatro dos Novos, que a pe\u00e7a Eles n\u00e3o usam Black Tie, um dos espet\u00e1culos programados para a inaugura\u00e7\u00e3o do Teatro Vila Velha, n\u00e3o ficaria pronta a tempo. Ele sugeriu que, para substituir a pe\u00e7a, Roberto montasse um show com sua turma de m\u00fasica.<\/p>\n<\/div>\n<div class=\"mc-column content-text active-extra-styles \" data-block-type=\"unstyled\" data-block-weight=\"38\" data-block-id=\"6\">\n<p class=\"content-text__container \" data-track-category=\"Link no Texto\" data-track-links=\"\">Roberto contou a novidade na varanda de azulejos marrons da casa da atriz Maria Moniz, onde costumavam se reunir com Gil, Caetano, Beth\u00e2nia, Gal, Tom Z\u00e9, Djalma, Perna Fr\u00f3es, Orlando Senna, Emanoel Ara\u00fajo, Fernando Lona e Alcyvando Luz.<\/p>\n<\/div>\n<\/div>\n<\/div>\n","protected":false},"excerpt":{"rendered":"<p>Quando subiram juntos num palco pela primeira vez, para apresentar o show &#8220;N\u00f3s, por exemplo\u2026&#8221;, no Teatro Vila Velha, em 1964, o formando em Administra\u00e7\u00e3o e fiscal da Alf\u00e2ndega Gilberto Gil, o segundanista de Filosofia Caetano Veloso, a secundarista Maria Beth\u00e2nia, a balconista Gal Costa e o bolsista da Escola de M\u00fasica Tom Z\u00e9 estavam&#8230;<\/p>\n","protected":false},"author":1,"featured_media":30122,"comment_status":"open","ping_status":"closed","sticky":false,"template":"","format":"standard","meta":{"ngg_post_thumbnail":0,"footnotes":""},"categories":[60],"tags":[],"class_list":["post-30121","post","type-post","status-publish","format-standard","has-post-thumbnail","hentry","category-na-musica","have-post-thumb"],"_links":{"self":[{"href":"https:\/\/radio94fm.net\/site\/wp-json\/wp\/v2\/posts\/30121","targetHints":{"allow":["GET"]}}],"collection":[{"href":"https:\/\/radio94fm.net\/site\/wp-json\/wp\/v2\/posts"}],"about":[{"href":"https:\/\/radio94fm.net\/site\/wp-json\/wp\/v2\/types\/post"}],"author":[{"embeddable":true,"href":"https:\/\/radio94fm.net\/site\/wp-json\/wp\/v2\/users\/1"}],"replies":[{"embeddable":true,"href":"https:\/\/radio94fm.net\/site\/wp-json\/wp\/v2\/comments?post=30121"}],"version-history":[{"count":0,"href":"https:\/\/radio94fm.net\/site\/wp-json\/wp\/v2\/posts\/30121\/revisions"}],"wp:featuredmedia":[{"embeddable":true,"href":"https:\/\/radio94fm.net\/site\/wp-json\/"}],"wp:attachment":[{"href":"https:\/\/radio94fm.net\/site\/wp-json\/wp\/v2\/media?parent=30121"}],"wp:term":[{"taxonomy":"category","embeddable":true,"href":"https:\/\/radio94fm.net\/site\/wp-json\/wp\/v2\/categories?post=30121"},{"taxonomy":"post_tag","embeddable":true,"href":"https:\/\/radio94fm.net\/site\/wp-json\/wp\/v2\/tags?post=30121"}],"curies":[{"name":"wp","href":"https:\/\/api.w.org\/{rel}","templated":true}]}}