{"id":29396,"date":"2018-11-30T09:44:03","date_gmt":"2018-11-30T12:44:03","guid":{"rendered":"http:\/\/www.radio94fm.net\/site\/?p=29396"},"modified":"2018-11-30T09:44:03","modified_gmt":"2018-11-30T12:44:03","slug":"no-chile-anitta-fala-sobre-situacao-politica-no-brasil-e-cobranca-de-posicionamentos","status":"publish","type":"post","link":"https:\/\/radio94fm.net\/site\/no-chile-anitta-fala-sobre-situacao-politica-no-brasil-e-cobranca-de-posicionamentos\/","title":{"rendered":"No Chile, Anitta fala sobre situa\u00e7\u00e3o pol\u00edtica no Brasil e cobran\u00e7a de posicionamentos"},"content":{"rendered":"<p><img loading=\"lazy\" decoding=\"async\" class=\"aligncenter wp-image-29397\" src=\"https:\/\/www.radio94fm.net\/site\/wp-content\/uploads\/2018\/11\/image.jpeg\" alt=\"\" width=\"606\" height=\"341\"><\/p>\n<p>&nbsp;<\/p>\n<p><span style=\"color: #000000;\">De passagem pelo Chile,&nbsp;<a style=\"color: #000000;\" href=\"https:\/\/www.vagalume.com.br\/anitta\/\">Anitta<\/a>&nbsp;aproveitou a sua estadia n\u00e3o s\u00f3 para receber um certificado de platina por &#8220;<a style=\"color: #000000;\" href=\"https:\/\/www.vagalume.com.br\/anitta\/downtown-feat-j-balvin.html\">Downtown (Feat. J Balvin)<\/a>&#8220;, mas tamb\u00e9m para falar sobre a atual situa\u00e7\u00e3o do Brasil no &#8220;La Tercera&#8221;, um conceituado programa televisivo de entrevistas.<\/span><\/p>\n<p>&nbsp;<\/p>\n<p><span style=\"color: #000000;\">A cantora falou por quase cinco minutos, depois que o entrevistador quis saber se ela tinha uma vis\u00e3o pessoal sobre o ocorrido no pa\u00eds nos \u00faltimos meses.<\/span><\/p>\n<p>&nbsp;<\/p>\n<p><span style=\"color: #000000;\">A artista lembrou que as coisas est\u00e3o muito polarizadas por aqui, &#8220;como \u00e1gua e vinho&#8221;, e que h\u00e1 uma forte cobran\u00e7a por uma tomada de posicionamento. Ela lembrou que nunca quis se manifestar politicamente, at\u00e9 porque, ela assume, n\u00e3o se sentir apta para isso e est\u00e1 ciente de que a responsabilidade \u00e9 grande.<\/span><\/p>\n<p>&nbsp;<\/p>\n<p><span style=\"color: #000000;\"><a style=\"color: #000000;\" href=\"https:\/\/www.vagalume.com.br\/anitta\/\">Anitta<\/a>&nbsp;disse que n\u00e3o recebeu a melhor educa\u00e7\u00e3o e que veio de um lugar onde as oportunidades eram poucas, e que por isso n\u00e3o entende certos assunto e as suas implica\u00e7\u00f5es. &#8220;Estou estudando tantas outras coisas, que tem a ver com meu trabalho, e n\u00e3o tive tempo de me aprofundar em pol\u00edtica deste jeito&#8221;, conta, revelando que sempre teve medo de se manifestar por se ver influenciando as pessoas em uma quest\u00e3o que ela n\u00e3o domina por completo .<\/span><\/p>\n<p>&nbsp;<\/p>\n<p><span style=\"color: #000000;\">A artista diz que, pensando dos pontos de vista econ\u00f4mico ou estrat\u00e9gico ou da educa\u00e7\u00e3o ela n\u00e3o saberia dizer qual era o candidato melhor preparado, mas que ao se ver como uma cantora que representa a diferen\u00e7a e as minorias, ela entendeu que n\u00e3o podia estimular o p\u00fablico a acreditar que ter pensamentos &#8220;anti-sociedade&#8221; \u00e9 algo que valha a pena.<\/span><\/p>\n<p>&nbsp;<\/p>\n<p><span style=\"color: #000000;\">&#8220;Eu estou sempre cantando para a comunidade LGBT\u2026 N\u00e3o posso estimular o pensamento de que \u00e9 correto ter preconceito com rela\u00e7\u00e3o a algo&#8221;, falou justificando a sua decis\u00e3o de se manifestar publicamente contra a candidatura de Jair Bolsonaro.<\/span><\/p>\n<p>&nbsp;<\/p>\n<p><span style=\"color: #000000;\">Na mesma conversa, ela disse que com suas m\u00fasicas ou v\u00eddeos, ela tenta estimular o seu p\u00fablico a tomar suas pr\u00f3prias decis\u00f5es ao revelar que n\u00e3o busca apenas o entretenimento puro e simples.<\/span><\/p>\n<p><span style=\"color: #000000;\">Como exemplo ela fala que se coloca uma drag queen em um clipe &#8211; referindo-se a&nbsp;<a style=\"color: #000000;\" href=\"https:\/\/www.vagalume.com.br\/pabllo-vittar\/\">Pabllo Vittar<\/a>, \u00e9 para que esse assunto seja debatido, o mesmo valendo em sua decis\u00e3o de n\u00e3o esconder suas celulites. &#8220;O fato de poder conversar, sem que haja uma briga, j\u00e1 \u00e9 um grande lucro.&#8221;<\/span><\/p>\n<p>&nbsp;<\/p>\n<p><span style=\"color: #000000;\">Veja a entrevista:<\/span><\/p>\n<p>&nbsp;<\/p>\n<p><iframe loading=\"lazy\" src=\"https:\/\/d2p7fadxpro9ow.cloudfront.net\/iframe\/playerProxy.html?videoID=PxfvfrPOMcQ&amp;playerVars=%7B%22controls%22%3A0%2C%22playsinline%22%3A0%2C%22iv_load_policy%22%3A3%2C%22showinfo%22%3A0%2C%22egm%22%3A0%2C%22rel%22%3A0%2C%22autoplay%22%3A0%2C%22modestbranding%22%3A1%2C%22origin%22%3A%22https%3A%2F%2Fd2p7fadxpro9ow.cloudfront.net%22%2C%22enablejsapi%22%3A1%2C%22wmode%22%3A%22transparent%22%7D\" width=\"560\" height=\"315\" frameborder=\"0\" allowfullscreen=\"allowfullscreen\"><\/iframe><\/p>\n","protected":false},"excerpt":{"rendered":"<p>&nbsp; De passagem pelo Chile,&nbsp;Anitta&nbsp;aproveitou a sua estadia n\u00e3o s\u00f3 para receber um certificado de platina por &#8220;Downtown (Feat. J Balvin)&#8220;, mas tamb\u00e9m para falar sobre a atual situa\u00e7\u00e3o do Brasil no &#8220;La Tercera&#8221;, um conceituado programa televisivo de entrevistas. &nbsp; A cantora falou por quase cinco minutos, depois que o entrevistador quis saber se&#8230;<\/p>\n","protected":false},"author":1,"featured_media":29397,"comment_status":"open","ping_status":"open","sticky":false,"template":"","format":"standard","meta":{"ngg_post_thumbnail":0,"footnotes":""},"categories":[60],"tags":[],"class_list":["post-29396","post","type-post","status-publish","format-standard","has-post-thumbnail","hentry","category-na-musica","have-post-thumb"],"_links":{"self":[{"href":"https:\/\/radio94fm.net\/site\/wp-json\/wp\/v2\/posts\/29396","targetHints":{"allow":["GET"]}}],"collection":[{"href":"https:\/\/radio94fm.net\/site\/wp-json\/wp\/v2\/posts"}],"about":[{"href":"https:\/\/radio94fm.net\/site\/wp-json\/wp\/v2\/types\/post"}],"author":[{"embeddable":true,"href":"https:\/\/radio94fm.net\/site\/wp-json\/wp\/v2\/users\/1"}],"replies":[{"embeddable":true,"href":"https:\/\/radio94fm.net\/site\/wp-json\/wp\/v2\/comments?post=29396"}],"version-history":[{"count":0,"href":"https:\/\/radio94fm.net\/site\/wp-json\/wp\/v2\/posts\/29396\/revisions"}],"wp:featuredmedia":[{"embeddable":true,"href":"https:\/\/radio94fm.net\/site\/wp-json\/"}],"wp:attachment":[{"href":"https:\/\/radio94fm.net\/site\/wp-json\/wp\/v2\/media?parent=29396"}],"wp:term":[{"taxonomy":"category","embeddable":true,"href":"https:\/\/radio94fm.net\/site\/wp-json\/wp\/v2\/categories?post=29396"},{"taxonomy":"post_tag","embeddable":true,"href":"https:\/\/radio94fm.net\/site\/wp-json\/wp\/v2\/tags?post=29396"}],"curies":[{"name":"wp","href":"https:\/\/api.w.org\/{rel}","templated":true}]}}