{"id":29342,"date":"2018-11-23T09:21:21","date_gmt":"2018-11-23T12:21:21","guid":{"rendered":"http:\/\/www.radio94fm.net\/site\/?p=29342"},"modified":"2018-11-23T09:21:21","modified_gmt":"2018-11-23T12:21:21","slug":"bizarro-preso-afirma-ter-sido-torturado-ouvindo-musicas-de-maluma-por-uma-semana","status":"publish","type":"post","link":"https:\/\/radio94fm.net\/site\/bizarro-preso-afirma-ter-sido-torturado-ouvindo-musicas-de-maluma-por-uma-semana\/","title":{"rendered":"Bizarro: Preso afirma ter sido torturado ouvindo m\u00fasicas de Maluma por uma semana"},"content":{"rendered":"<p><span style=\"color: #000000;\"><img loading=\"lazy\" decoding=\"async\" class=\"aligncenter wp-image-29343\" src=\"https:\/\/www.radio94fm.net\/site\/wp-content\/uploads\/2018\/11\/cb32c49f1eac877797db98a29d70fd23.jpg\" alt=\"\" width=\"606\" height=\"572\"><\/span><\/p>\n<p>&nbsp;<\/p>\n<p><span style=\"color: #000000;\">Um dos nomes mais populares da m\u00fasica latina no momento, o colombiano&nbsp;<a style=\"color: #000000;\" href=\"https:\/\/www.vagalume.com.br\/maluma\/\">Maluma<\/a>&nbsp;virou tema de not\u00edcia na se\u00e7\u00e3o policial. Explica-se: o jornal argentino Clar\u00edn publicou que o mexicano Gilberto Aguirre Garza, preso na cidade de Veracruz, acusou as autoridades de tortur\u00e1-lo ao som do astro do reggaeton, por sete dias seguidos.<\/span><\/p>\n<p>&nbsp;<\/p>\n<p><span style=\"color: #000000;\">O preso foi alvo da t\u00e1tica &#8220;Maluma em alto volume&#8221; para que desse informa\u00e7\u00f5es sobre crimes cometidos. Antigo fiscal da cidade mexicana de Xalapa, ele est\u00e1 cumprindo pena por &#8220;desaparecimentos for\u00e7ados&#8221;, com poss\u00edvel envolvimento de outras pessoas.<\/span><\/p>\n<p>&nbsp;<\/p>\n<p><span style=\"color: #000000;\">De acordo com Gilberto, outros presos tiveram que passar pelo mesmo tipo de &#8220;tormento&#8221;. O criminoso era exposto \u00e0 m\u00fasica de&nbsp;<a style=\"color: #000000;\" href=\"https:\/\/www.vagalume.com.br\/maluma\/\">Maluma<\/a>&nbsp;e&nbsp;<a style=\"color: #000000;\" href=\"https:\/\/www.vagalume.com.br\/bad-bunny\/\">Bad Bunny<\/a>, no volume m\u00e1ximo.<\/span><\/p>\n<p>&nbsp;<\/p>\n<p><span style=\"color: #000000;\">Para se proteger, o preso usava um travesseiro , improvisado com cobertor e cal\u00e7a jeans. Entretanto, o barulho da m\u00fasica o impedia de dormir.<\/span><\/p>\n<p>&nbsp;<\/p>\n<p><span style=\"color: #000000;\">As acusa\u00e7\u00f5es de Gilberto Aguirre Garza foram feitas atrav\u00e9s de um advogado. At\u00e9 o momento, segundo o jornal argentino,&nbsp;<a style=\"color: #000000;\" href=\"https:\/\/www.vagalume.com.br\/maluma\/\">Maluma<\/a>&nbsp;n\u00e3o se pronunciou sobre o assunto.<\/span><\/p>\n","protected":false},"excerpt":{"rendered":"<p>&nbsp; Um dos nomes mais populares da m\u00fasica latina no momento, o colombiano&nbsp;Maluma&nbsp;virou tema de not\u00edcia na se\u00e7\u00e3o policial. Explica-se: o jornal argentino Clar\u00edn publicou que o mexicano Gilberto Aguirre Garza, preso na cidade de Veracruz, acusou as autoridades de tortur\u00e1-lo ao som do astro do reggaeton, por sete dias seguidos. &nbsp; O preso foi&#8230;<\/p>\n","protected":false},"author":1,"featured_media":29346,"comment_status":"open","ping_status":"open","sticky":false,"template":"","format":"standard","meta":{"ngg_post_thumbnail":0,"footnotes":""},"categories":[60],"tags":[],"class_list":["post-29342","post","type-post","status-publish","format-standard","has-post-thumbnail","hentry","category-na-musica","have-post-thumb"],"_links":{"self":[{"href":"https:\/\/radio94fm.net\/site\/wp-json\/wp\/v2\/posts\/29342","targetHints":{"allow":["GET"]}}],"collection":[{"href":"https:\/\/radio94fm.net\/site\/wp-json\/wp\/v2\/posts"}],"about":[{"href":"https:\/\/radio94fm.net\/site\/wp-json\/wp\/v2\/types\/post"}],"author":[{"embeddable":true,"href":"https:\/\/radio94fm.net\/site\/wp-json\/wp\/v2\/users\/1"}],"replies":[{"embeddable":true,"href":"https:\/\/radio94fm.net\/site\/wp-json\/wp\/v2\/comments?post=29342"}],"version-history":[{"count":0,"href":"https:\/\/radio94fm.net\/site\/wp-json\/wp\/v2\/posts\/29342\/revisions"}],"wp:featuredmedia":[{"embeddable":true,"href":"https:\/\/radio94fm.net\/site\/wp-json\/"}],"wp:attachment":[{"href":"https:\/\/radio94fm.net\/site\/wp-json\/wp\/v2\/media?parent=29342"}],"wp:term":[{"taxonomy":"category","embeddable":true,"href":"https:\/\/radio94fm.net\/site\/wp-json\/wp\/v2\/categories?post=29342"},{"taxonomy":"post_tag","embeddable":true,"href":"https:\/\/radio94fm.net\/site\/wp-json\/wp\/v2\/tags?post=29342"}],"curies":[{"name":"wp","href":"https:\/\/api.w.org\/{rel}","templated":true}]}}