{"id":28711,"date":"2018-09-03T10:29:14","date_gmt":"2018-09-03T13:29:14","guid":{"rendered":"http:\/\/www.radio94fm.net\/site\/?p=28711"},"modified":"2018-09-03T10:29:14","modified_gmt":"2018-09-03T13:29:14","slug":"pastor-acusado-de-tocar-seio-de-ariana-grande-pede-desculpas","status":"publish","type":"post","link":"https:\/\/radio94fm.net\/site\/pastor-acusado-de-tocar-seio-de-ariana-grande-pede-desculpas\/","title":{"rendered":"Pastor acusado de tocar seio de Ariana Grande pede desculpas"},"content":{"rendered":"<p><img loading=\"lazy\" decoding=\"async\" class=\"wp-image-28712 alignnone\" src=\"https:\/\/www.radio94fm.net\/site\/wp-content\/uploads\/2018\/09\/f318e4a668d6f0fd5df40b9ceed373c601cbe027.jpg\" alt=\"\" width=\"605\" height=\"469\" srcset=\"https:\/\/radio94fm.net\/site\/wp-content\/uploads\/2018\/09\/f318e4a668d6f0fd5df40b9ceed373c601cbe027.jpg 768w, https:\/\/radio94fm.net\/site\/wp-content\/uploads\/2018\/09\/f318e4a668d6f0fd5df40b9ceed373c601cbe027-300x232.jpg 300w\" sizes=\"auto, (max-width: 605px) 100vw, 605px\" \/><\/p>\n<p>&nbsp;<\/p>\n<p>&nbsp;<\/p>\n<p>&nbsp;<\/p>\n<p><span style=\"color: #000000;\">Um fato gerou muita revolta entre os f\u00e3s de&nbsp;<a style=\"color: #000000;\" href=\"https:\/\/www.vagalume.com.br\/ariana-grande\/\">Ariana Grande<\/a>&nbsp;e internautas em geral neste fim de semana, que acusaram o pastor Charles Ellis III de ter assediado a cantora durante o funeral de&nbsp;<a style=\"color: #000000;\" href=\"https:\/\/www.vagalume.com.br\/aretha-franklin\/\">Aretha Franklin<\/a>, quando o mesmo, em seu discurso, abra\u00e7a a artista pela cintura e toca em seu seio pela lateral de seu corpo.<\/span><\/p>\n<p>&nbsp;<\/p>\n<p><span style=\"color: #000000;\">A hashtag &#8220;#RespectAriana&#8221; rapidamente alcan\u00e7ou os&nbsp;<i>trending topics&nbsp;<\/i>por usu\u00e1rios do Twitter, que consideraram o toque inapropriado ap\u00f3s a cena ter sido televisionada em muitos lugares do mundo.<\/span><\/p>\n<p>&nbsp;<\/p>\n<p><span style=\"color: #000000;\">Neste s\u00e1bado (1), o pastor se desculpou na imprensa, explicando que seu toque teria acontecido de forma acidental. &#8220;Nunca seria minha inten\u00e7\u00e3o tocar o seio de qualquer mulher&#8230; N\u00e3o sei, acho que coloquei meu bra\u00e7o em volta dela&#8221;, disse ele \u00e0 Associated Press. &#8220;Talvez eu tenha cruzado uma linha, talvez tenha sido muito amig\u00e1vel ou \u00edntimo demais, mas novamente, eu me desculpo&#8221;, continuou.<\/span><\/p>\n<p>&nbsp;<\/p>\n<p><span style=\"color: #000000;\">&#8220;A \u00faltima coisa que quero fazer \u00e9 ser uma distra\u00e7\u00e3o nesse dia. Tudo \u00e9 sobre Aretha Franklin&#8221;, acrescentou ele.<\/span><\/p>\n<p>&nbsp;<\/p>\n<p><span style=\"color: #000000;\">Ellis tamb\u00e9m de desculpou pela piada que fez com o nome de&nbsp;<a style=\"color: #000000;\" href=\"https:\/\/www.vagalume.com.br\/ariana-grande\/\">Ariana Grande<\/a>, quando insininuou ter achado que era alguma refei\u00e7\u00e3o nova da rede de fast food &#8220;Taco Bell&#8221;.<\/span><\/p>\n","protected":false},"excerpt":{"rendered":"<p>&nbsp; &nbsp; &nbsp; Um fato gerou muita revolta entre os f\u00e3s de&nbsp;Ariana Grande&nbsp;e internautas em geral neste fim de semana, que acusaram o pastor Charles Ellis III de ter assediado a cantora durante o funeral de&nbsp;Aretha Franklin, quando o mesmo, em seu discurso, abra\u00e7a a artista pela cintura e toca em seu seio pela lateral&#8230;<\/p>\n","protected":false},"author":1,"featured_media":28712,"comment_status":"open","ping_status":"open","sticky":false,"template":"","format":"standard","meta":{"ngg_post_thumbnail":0,"footnotes":""},"categories":[60],"tags":[],"class_list":["post-28711","post","type-post","status-publish","format-standard","has-post-thumbnail","hentry","category-na-musica","have-post-thumb"],"_links":{"self":[{"href":"https:\/\/radio94fm.net\/site\/wp-json\/wp\/v2\/posts\/28711","targetHints":{"allow":["GET"]}}],"collection":[{"href":"https:\/\/radio94fm.net\/site\/wp-json\/wp\/v2\/posts"}],"about":[{"href":"https:\/\/radio94fm.net\/site\/wp-json\/wp\/v2\/types\/post"}],"author":[{"embeddable":true,"href":"https:\/\/radio94fm.net\/site\/wp-json\/wp\/v2\/users\/1"}],"replies":[{"embeddable":true,"href":"https:\/\/radio94fm.net\/site\/wp-json\/wp\/v2\/comments?post=28711"}],"version-history":[{"count":0,"href":"https:\/\/radio94fm.net\/site\/wp-json\/wp\/v2\/posts\/28711\/revisions"}],"wp:featuredmedia":[{"embeddable":true,"href":"https:\/\/radio94fm.net\/site\/wp-json\/wp\/v2\/media\/28712"}],"wp:attachment":[{"href":"https:\/\/radio94fm.net\/site\/wp-json\/wp\/v2\/media?parent=28711"}],"wp:term":[{"taxonomy":"category","embeddable":true,"href":"https:\/\/radio94fm.net\/site\/wp-json\/wp\/v2\/categories?post=28711"},{"taxonomy":"post_tag","embeddable":true,"href":"https:\/\/radio94fm.net\/site\/wp-json\/wp\/v2\/tags?post=28711"}],"curies":[{"name":"wp","href":"https:\/\/api.w.org\/{rel}","templated":true}]}}