{"id":28535,"date":"2018-08-20T10:52:26","date_gmt":"2018-08-20T13:52:26","guid":{"rendered":"http:\/\/www.radio94fm.net\/site\/?p=28535"},"modified":"2018-08-20T10:52:26","modified_gmt":"2018-08-20T13:52:26","slug":"anitta-rebate-acusacoes-de-apatia-e-descaso-com-publico-em-show-em-rondonia","status":"publish","type":"post","link":"https:\/\/radio94fm.net\/site\/anitta-rebate-acusacoes-de-apatia-e-descaso-com-publico-em-show-em-rondonia\/","title":{"rendered":"Anitta rebate acusa\u00e7\u00f5es de apatia e descaso com p\u00fablico em show em Rond\u00f4nia"},"content":{"rendered":"<div class=\"foto\"><span style=\"color: #000000;\"><img decoding=\"async\" src=\"https:\/\/s2.vagalume.com\/anitta\/images\/125869w550.jpg\" alt=\"Anitta letras\" width=\"550\"><\/span><\/div>\n<p>&nbsp;<\/p>\n<p><span style=\"color: #000000;\">A cantora&nbsp;<a style=\"color: #000000;\" href=\"https:\/\/www.vagalume.com.br\/anitta\/\">Anitta<\/a>&nbsp;virou not\u00edcia depois de um show que fez neste final de semana, na cidade de Cacoal, em Rond\u00f4nia. A pol\u00eamica come\u00e7ou ap\u00f3s os organizadores da 20\u00aa Exposi\u00e7\u00e3o de Agropecu\u00e1ria (EXPOAC) publicarem uma nota de rep\u00fadio \u00e0 carioca.<\/span><\/p>\n<p>&nbsp;<\/p>\n<p><span style=\"color: #000000;\">Segundo o texto postado pela Associa\u00e7\u00e3o Rural de Cacoal (ARCA), antes mesmo do show come\u00e7ar os realizadores do evento saberiam que &#8220;seria uma noite complicada&#8221;, devido as &#8220;exig\u00eancias totalmente descabidas&#8221; da cantora. Ainda de acordo com a nota,&nbsp;<a style=\"color: #000000;\" href=\"https:\/\/www.vagalume.com.br\/anitta\/\">Anitta<\/a>&nbsp;fez uma apresenta\u00e7\u00e3o fria, com menos de uma hora de dura\u00e7\u00e3o, dando a impress\u00e3o de que n\u00e3o queria estar naquele lugar.<\/span><\/p>\n<p>&nbsp;<\/p>\n<p><span style=\"color: #000000;\">Para finalizar, os organizadores disseram que inicialmente a cantora e sua produ\u00e7\u00e3o se negaram a atender os meios de imprensa locais (fariam atendimento \u00e0 apenas um ve\u00edculo, condi\u00e7\u00e3o n\u00e3o aceita pela organiza\u00e7\u00e3o visando igualdade a todos presentes) e \u00e0s pessoas com necessidades especiais. Este gesto teria sido feito at\u00e9 ent\u00e3o por todos os artistas que participaram de todas as edi\u00e7\u00f5es da EXPOAC.<\/span><\/p>\n<p>&nbsp;<\/p>\n<p><span style=\"color: #000000;\">Depois de a organiza\u00e7\u00e3o do evento n\u00e3o aceitar as 15 pulseias ao camarim ap\u00f3s o show, a produ\u00e7\u00e3o de&nbsp;<a style=\"color: #000000;\" href=\"https:\/\/www.vagalume.com.br\/anitta\/\">Anitta<\/a>&nbsp;e seu marido, Thiago Magalh\u00e3es, solicitaram a presen\u00e7a dos diretores da Associa\u00e7\u00e3o Rural de Cacoal, os f\u00e3s com necessidades especiais e imprensa, como uma forma de contornar o mal entendido inicial. Por\u00e9m, de acordo com a nota da ARCA, ap\u00f3s atender os cadeirantes e um grupo de f\u00e3s, ela teria &#8220;fugido&#8221;, deixando os organizadores, um outro grupo de f\u00e3s e a imprensa esperando.<\/span><\/p>\n<p>&nbsp;<\/p>\n<p><span style=\"color: #000000;\">Ainda de acordo com a nota, os diretores lamentavam a forma como os jornalistas e f\u00e3s, com crian\u00e7as chorando no aguardo pela cantora, foram tratados.<\/span><\/p>\n<p>&nbsp;<\/p>\n<p><span style=\"color: #000000;\"><b>Anitta rebate acusa\u00e7\u00f5es<\/b><\/span><\/p>\n<p>&nbsp;<\/p>\n<p><span style=\"color: #000000;\">O portal G1 publicou hoje (14) a resposta da cantora, que foi feita por meio de sua assessoria. Segundo a equipe de&nbsp;<a style=\"color: #000000;\" href=\"https:\/\/www.vagalume.com.br\/anitta\/\">Anitta<\/a>, ela &#8220;cumpriu com a programa\u00e7\u00e3o prevista para o show e tamb\u00e9m atendeu a todos os f\u00e3s que a aguardavam&#8221;.<\/span><\/p>\n<p>&nbsp;<\/p>\n<p><span style=\"color: #000000;\">Ainda conforme a nota, &#8220;Anitta agradece o carinho do p\u00fablico e afirma que respeita a opini\u00e3o sobre sua apresenta\u00e7\u00e3o e o direito de express\u00e3o de todos&#8221;.<\/span><\/p>\n<p>&nbsp;<\/p>\n<p><span style=\"color: #000000;\">Em seu Facebook, a carioca postou 24 fotos de seu camarim em Cacoal, atendendo f\u00e3s.<\/span><\/p>\n","protected":false},"excerpt":{"rendered":"<p>&nbsp; A cantora&nbsp;Anitta&nbsp;virou not\u00edcia depois de um show que fez neste final de semana, na cidade de Cacoal, em Rond\u00f4nia. A pol\u00eamica come\u00e7ou ap\u00f3s os organizadores da 20\u00aa Exposi\u00e7\u00e3o de Agropecu\u00e1ria (EXPOAC) publicarem uma nota de rep\u00fadio \u00e0 carioca. &nbsp; Segundo o texto postado pela Associa\u00e7\u00e3o Rural de Cacoal (ARCA), antes mesmo do show come\u00e7ar&#8230;<\/p>\n","protected":false},"author":1,"featured_media":28536,"comment_status":"open","ping_status":"open","sticky":false,"template":"","format":"standard","meta":{"ngg_post_thumbnail":0,"footnotes":""},"categories":[60],"tags":[],"class_list":["post-28535","post","type-post","status-publish","format-standard","has-post-thumbnail","hentry","category-na-musica","have-post-thumb"],"_links":{"self":[{"href":"https:\/\/radio94fm.net\/site\/wp-json\/wp\/v2\/posts\/28535","targetHints":{"allow":["GET"]}}],"collection":[{"href":"https:\/\/radio94fm.net\/site\/wp-json\/wp\/v2\/posts"}],"about":[{"href":"https:\/\/radio94fm.net\/site\/wp-json\/wp\/v2\/types\/post"}],"author":[{"embeddable":true,"href":"https:\/\/radio94fm.net\/site\/wp-json\/wp\/v2\/users\/1"}],"replies":[{"embeddable":true,"href":"https:\/\/radio94fm.net\/site\/wp-json\/wp\/v2\/comments?post=28535"}],"version-history":[{"count":0,"href":"https:\/\/radio94fm.net\/site\/wp-json\/wp\/v2\/posts\/28535\/revisions"}],"wp:featuredmedia":[{"embeddable":true,"href":"https:\/\/radio94fm.net\/site\/wp-json\/wp\/v2\/media\/28536"}],"wp:attachment":[{"href":"https:\/\/radio94fm.net\/site\/wp-json\/wp\/v2\/media?parent=28535"}],"wp:term":[{"taxonomy":"category","embeddable":true,"href":"https:\/\/radio94fm.net\/site\/wp-json\/wp\/v2\/categories?post=28535"},{"taxonomy":"post_tag","embeddable":true,"href":"https:\/\/radio94fm.net\/site\/wp-json\/wp\/v2\/tags?post=28535"}],"curies":[{"name":"wp","href":"https:\/\/api.w.org\/{rel}","templated":true}]}}