{"id":28527,"date":"2018-08-17T10:13:16","date_gmt":"2018-08-17T13:13:16","guid":{"rendered":"http:\/\/www.radio94fm.net\/site\/?p=28527"},"modified":"2018-08-17T10:13:16","modified_gmt":"2018-08-17T13:13:16","slug":"28527-2","status":"publish","type":"post","link":"https:\/\/radio94fm.net\/site\/28527-2\/","title":{"rendered":"Projota detona a classe pol\u00edtica em sua nova m\u00fasica &#8220;Sr. Presidente&#8221;. Veja a letra e o clipe!"},"content":{"rendered":"<div class=\"foto\"><span style=\"color: #000000;\"><img decoding=\"async\" src=\"https:\/\/s2.vagalume.com\/projota\/images\/126169w550.jpg\" alt=\"Projota letras\" width=\"550\"><\/span><\/div>\n<p><span style=\"color: #000000;\">&nbsp;<\/span><br \/>\n<span style=\"color: #000000;\"> <a style=\"color: #000000;\" href=\"https:\/\/www.vagalume.com.br\/projota\/\">Projota<\/a>, um dos grandes nomes da atualidade no rap nacional, lan\u00e7ou hoje (16) o seu novo single, &#8220;<a style=\"color: #000000;\" href=\"https:\/\/www.vagalume.com.br\/projota\/sr-presidente.html\">Sr. Presidente<\/a>&#8220;. Como o t\u00edtulo sugere, a m\u00fasica pode ser interpretada como uma carta do rapper \u00e0 autoridade m\u00e1xima da na\u00e7\u00e3o, enumerando diversas cr\u00edticas \u00e0 classe pol\u00edtica, com uma reflex\u00e3o sobre a realidade do pa\u00eds em diversas \u00e1reas.<\/span><\/p>\n<p>&nbsp;<\/p>\n<p><span style=\"color: #000000;\">&#8220;A faixa surgiu da urg\u00eancia de falar sobre este assunto. A maioria dos brasileiros n\u00e3o se importa com siglas, cores ou posi\u00e7\u00e3o na bancada, eles clamam por justi\u00e7a, honestidade e trabalho duro por parte de quem vier a nos representar&#8221;, conta&nbsp;<a style=\"color: #000000;\" href=\"https:\/\/www.vagalume.com.br\/projota\/\">Projota<\/a>.<\/span><\/p>\n<p>&nbsp;<\/p>\n<p><span style=\"color: #000000;\">A m\u00fasica \u00e9 uma parceria do rapper com Tom Leite, que enviou a m\u00fasica pela internet. &#8220;Recebi centenas de e-mails e, dentre eles, uma harmonia incr\u00edvel no viol\u00e3o, enviada pelo Tom Leite. Eu j\u00e1 tinha o refr\u00e3o da m\u00fasica, que encaixou perfeitamente na melodia. Levamos para o est\u00fadio, produzimos e eu terminei a letra&#8221;.<\/span><\/p>\n<p>&nbsp;<\/p>\n<p><span style=\"color: #000000;\">O Vagalume traz a letra e o clipe da m\u00fasica abaixo. Confira:<\/span><\/p>\n<p>&nbsp;<\/p>\n<p><iframe loading=\"lazy\" src=\"https:\/\/www.youtube.com\/embed\/3K7KyplSYvI\" width=\"560\" height=\"315\" frameborder=\"0\" allowfullscreen=\"allowfullscreen\" data-mce-fragment=\"1\"><\/iframe><\/p>\n<p>&nbsp;<\/p>\n<p><span style=\"color: #000000;\"><b>&#8220;Sr. Presidente&#8221;<\/b><\/span><\/p>\n<p>&nbsp;<\/p>\n<p><span style=\"color: #000000;\"><i>A gente paga pra nascer paga pra morar<br \/>\nPaga pra perder a gente paga pra ganhar<br \/>\nPaga pra viver paga pra sonhar<br \/>\nA gente paga pra morrer e o filho paga pra enterrar<br \/>\nVontade a gente tem mas n\u00e3o tem onde trabalhar<br \/>\nJusti\u00e7a a gente tem mas s\u00f3 pra quem pode pagar<br \/>\nCoragem a gente tem mas n\u00e3o tem for\u00e7as pra lutar<br \/>\nEnt\u00e3o a gente sai de casa sem saber se vai voltar<\/i><\/span><\/p>\n<p>&nbsp;<\/p>\n<p><span style=\"color: #000000;\">E a\u00ed vem voc\u00eas pegar o que \u00e9 nosso direito<\/span><br \/>\n<span style=\"color: #000000;\"> Crime n\u00e3o \u00e9 mais crime quando \u00e9 um crime bem feito<\/span><br \/>\n<span style=\"color: #000000;\"> Viver dessa maneira \u00e9 algo que eu n\u00e3o aceito<\/span><br \/>\n<span style=\"color: #000000;\"> Enquanto isso o povo chora sem ter onde morar<\/span><br \/>\n<span style=\"color: #000000;\"> Mas existe uma chama acesa dentro do peito<\/span><br \/>\n<span style=\"color: #000000;\"> Porque j\u00e1 n\u00e3o d\u00e1 mais pra se viver desse jeito<\/span><br \/>\n<span style=\"color: #000000;\"> Quando o povo explodir vai ser s\u00f3 causa e efeito<\/span><br \/>\n<span style=\"color: #000000;\"> Efeito que abastece meu pulm\u00e3o e me d\u00e1 for\u00e7as pra cantar&nbsp;<\/span><\/p>\n<p>&nbsp;<\/p>\n<p><span style=\"color: #000000;\">Sr. Presidente, esse pa\u00eds t\u00e1 doente<\/span><br \/>\n<span style=\"color: #000000;\"> Nosso povo j\u00e1 n\u00e3o aguenta mais<\/span><br \/>\n<span style=\"color: #000000;\"> Sr. Presidente, como voc\u00ea se sente&nbsp;<\/span><br \/>\n<span style=\"color: #000000;\"> Ao ver a fila dos nossos hospitais?<\/span><br \/>\n<span style=\"color: #000000;\"> Sr. Presidente, at\u00e9 queria que a gente<\/span><br \/>\n<span style=\"color: #000000;\"> Se entendesse mas n\u00e3o sei como faz<\/span><br \/>\n<span style=\"color: #000000;\"> Porque essa noite se foi mais um menino ali na rua de tr\u00e1s&nbsp;<\/span><\/p>\n<p>&nbsp;<\/p>\n<p><span style=\"color: #000000;\">Esse \u00e9 o meu pa\u00eds t\u00e3o lindo que n\u00e3o tem furac\u00e3o&nbsp;<\/span><br \/>\n<span style=\"color: #000000;\"> De um povo que ainda segue \u00f3rf\u00e3o do seu pai da na\u00e7\u00e3o&nbsp;<\/span><br \/>\n<span style=\"color: #000000;\"> De uma p\u00e1tria m\u00e3e solteira da sua popula\u00e7\u00e3o&nbsp;<\/span><br \/>\n<span style=\"color: #000000;\"> Onde o sal\u00e1rio vale menos do que o pre\u00e7o do p\u00e3o<\/span><br \/>\n<span style=\"color: #000000;\"> Dorme um menino de rua descansando seus p\u00e9s&nbsp;<\/span><br \/>\n<span style=\"color: #000000;\"> Viajando pra lua num papelote de 10<\/span><br \/>\n<span style=\"color: #000000;\"> Oh p\u00e1tria amada e mal amada por filhos infi\u00e9is&nbsp;<\/span><br \/>\n<span style=\"color: #000000;\"> Digas quem te comandas que eu te digo quem \u00e9s<\/span><\/p>\n<p>&nbsp;<\/p>\n<p><span style=\"color: #000000;\">E a\u00ed vem voc\u00eas pegar o que \u00e9 nosso direito<\/span><br \/>\n<span style=\"color: #000000;\"> Crime n\u00e3o \u00e9 mais crime quando \u00e9 um crime bem feito<\/span><br \/>\n<span style=\"color: #000000;\"> Viver dessa maneira \u00e9 algo que eu n\u00e3o aceito<\/span><br \/>\n<span style=\"color: #000000;\"> Enquanto isso o povo chora sem ter onde morar<\/span><br \/>\n<span style=\"color: #000000;\"> Mas existe uma chama acesa dentro do peito<\/span><br \/>\n<span style=\"color: #000000;\"> Porque j\u00e1 n\u00e3o d\u00e1 mais pra se viver desse jeito<\/span><br \/>\n<span style=\"color: #000000;\"> Quando o povo explodir vai ser s\u00f3 causa e efeito<\/span><br \/>\n<span style=\"color: #000000;\"> Efeito que abastece meu pulm\u00e3o e me d\u00e1 for\u00e7as pra cantar&nbsp;<\/span><\/p>\n<p>&nbsp;<\/p>\n<p><span style=\"color: #000000;\">Sr. Presidente, esse pa\u00eds t\u00e1 doente<\/span><br \/>\n<span style=\"color: #000000;\"> Nosso povo j\u00e1 n\u00e3o aguenta mais<\/span><br \/>\n<span style=\"color: #000000;\"> Sr. Presidente, como voc\u00ea se sente&nbsp;<\/span><br \/>\n<span style=\"color: #000000;\"> Ao ver a fila dos nossos hospitais?<\/span><br \/>\n<span style=\"color: #000000;\"> Sr. Presidente, at\u00e9 queria que a gente<\/span><br \/>\n<span style=\"color: #000000;\"> Se entendesse mas n\u00e3o sei como faz<\/span><br \/>\n<span style=\"color: #000000;\"> Porque essa noite se foi mais um menino ali na rua de tr\u00e1s.<\/span><\/p>\n","protected":false},"excerpt":{"rendered":"<p>&nbsp; Projota, um dos grandes nomes da atualidade no rap nacional, lan\u00e7ou hoje (16) o seu novo single, &#8220;Sr. Presidente&#8220;. Como o t\u00edtulo sugere, a m\u00fasica pode ser interpretada como uma carta do rapper \u00e0 autoridade m\u00e1xima da na\u00e7\u00e3o, enumerando diversas cr\u00edticas \u00e0 classe pol\u00edtica, com uma reflex\u00e3o sobre a realidade do pa\u00eds em diversas&#8230;<\/p>\n","protected":false},"author":1,"featured_media":28528,"comment_status":"open","ping_status":"open","sticky":false,"template":"","format":"standard","meta":{"ngg_post_thumbnail":0,"footnotes":""},"categories":[60],"tags":[],"class_list":["post-28527","post","type-post","status-publish","format-standard","has-post-thumbnail","hentry","category-na-musica","have-post-thumb"],"_links":{"self":[{"href":"https:\/\/radio94fm.net\/site\/wp-json\/wp\/v2\/posts\/28527","targetHints":{"allow":["GET"]}}],"collection":[{"href":"https:\/\/radio94fm.net\/site\/wp-json\/wp\/v2\/posts"}],"about":[{"href":"https:\/\/radio94fm.net\/site\/wp-json\/wp\/v2\/types\/post"}],"author":[{"embeddable":true,"href":"https:\/\/radio94fm.net\/site\/wp-json\/wp\/v2\/users\/1"}],"replies":[{"embeddable":true,"href":"https:\/\/radio94fm.net\/site\/wp-json\/wp\/v2\/comments?post=28527"}],"version-history":[{"count":0,"href":"https:\/\/radio94fm.net\/site\/wp-json\/wp\/v2\/posts\/28527\/revisions"}],"wp:featuredmedia":[{"embeddable":true,"href":"https:\/\/radio94fm.net\/site\/wp-json\/wp\/v2\/media\/28528"}],"wp:attachment":[{"href":"https:\/\/radio94fm.net\/site\/wp-json\/wp\/v2\/media?parent=28527"}],"wp:term":[{"taxonomy":"category","embeddable":true,"href":"https:\/\/radio94fm.net\/site\/wp-json\/wp\/v2\/categories?post=28527"},{"taxonomy":"post_tag","embeddable":true,"href":"https:\/\/radio94fm.net\/site\/wp-json\/wp\/v2\/tags?post=28527"}],"curies":[{"name":"wp","href":"https:\/\/api.w.org\/{rel}","templated":true}]}}