{"id":28463,"date":"2018-08-13T10:21:55","date_gmt":"2018-08-13T13:21:55","guid":{"rendered":"http:\/\/www.radio94fm.net\/site\/?p=28463"},"modified":"2018-08-13T10:21:55","modified_gmt":"2018-08-13T13:21:55","slug":"cacadores-de-reliquias-encontram-antiga-van-do-aerosmith-perdida-na-floresta","status":"publish","type":"post","link":"https:\/\/radio94fm.net\/site\/cacadores-de-reliquias-encontram-antiga-van-do-aerosmith-perdida-na-floresta\/","title":{"rendered":"&#8220;Ca\u00e7adores de Rel\u00edquias&#8221; encontram antiga van do Aerosmith perdida na floresta"},"content":{"rendered":"<div class=\"foto\"><span style=\"color: #000000;\"><img decoding=\"async\" src=\"https:\/\/s2.vagalume.com\/aerosmith\/images\/126102w550.jpg\" alt=\"Aerosmith letras\" width=\"550\"><\/span><\/div>\n<p>&nbsp;<\/p>\n<p><span style=\"color: #000000;\">Em um recente epis\u00f3dio da s\u00e9rie americana &#8220;Ca\u00e7adores de Rel\u00edquias&#8221; (&#8220;American Pickers&#8221;, no Brasil apresentado no canal pago History Channel), os apresentadores, Frank Fritz e Mike Wolfe, encontraram algo que eles pr\u00f3prios chamaram de &#8220;uma das maiores e mais ic\u00f4nicas pe\u00e7as da hist\u00f3ria do rock n&#8217; roll&#8221;: Trata-se de uma van abandonada do&nbsp;<a style=\"color: #000000;\" href=\"https:\/\/www.vagalume.com.br\/aerosmith\/\">Aerosmith<\/a>, utilizada pela banda durante as turn\u00eas do come\u00e7o da carreira, nos anos 70.&nbsp;<\/span><br \/>\n<span style=\"color: #000000;\">O autom\u00f3vel foi achado em uma floresta situada atr\u00e1s de uma fazenda em Chesterfield (Massachusetts), cidade localizada a pouco mais de 160 km a oeste de Boston, terra natal do&nbsp;<a style=\"color: #000000;\" href=\"https:\/\/www.vagalume.com.br\/aerosmith\/\">Aerosmith<\/a>.&nbsp;<\/span><br \/>\n<span style=\"color: #000000;\">A van, uma &#8220;International Harvester Metro&#8221;, \u00e9 datada de 1964 e traz uma arte inspirada no cartunista Robert Crumb com o nome da banda pintado na lateral.&nbsp;<\/span><\/p>\n<p><span style=\"color: #000000;\">A pedidos de&nbsp;<a style=\"color: #000000;\" href=\"https:\/\/www.vagalume.com.br\/joe-perry-project\/\">Joe Perry<\/a>, que recebeu uma foto da rel\u00edquia enviada por Dan Auerbach (vocalista do&nbsp;<a style=\"color: #000000;\" href=\"https:\/\/www.vagalume.com.br\/the-black-keys\/\">Black Keys<\/a>&nbsp;e amigo de Wolfe), a autenticidade do ve\u00edculo foi confirmada por Ray Tabano, guitarrista que foi membro do&nbsp;<a style=\"color: #000000;\" href=\"https:\/\/www.vagalume.com.br\/aerosmith\/\">Aerosmith<\/a>&nbsp;por um ano, sendo substitu\u00eddo por Brad Whitford em 1971.&nbsp;<\/span><\/p>\n<p><span style=\"color: #000000;\">&#8220;Tenho receio de dizer h\u00e1 quanto tempo, mas faz aproximadamente uns 40 anos que estivemos dentro dessa coisa&#8221;, disse Tabano. &#8220;N\u00f3s dirig\u00edamos de Boston at\u00e9 Nova Hampshire por 125 d\u00f3lares [por show]. E depois da gasolina, do ped\u00e1gio, da comida e da volta, n\u00f3s fic\u00e1vamos com 3 d\u00f3lares cada um&#8221;, explicou.<\/span><\/p>\n<p><span style=\"color: #000000;\">&nbsp;<\/span><\/p>\n<p><span style=\"color: #000000;\">Ainda resta o mist\u00e9rio de como a van foi parar no local. O dono da propriedade, identificado apenas como Phil, explicou que comprou a terra de algu\u00e9m pr\u00f3ximo \u00e0 banda e que o autom\u00f3vel j\u00e1 estava por l\u00e1. A produ\u00e7\u00e3o do programa pagou 25 mil d\u00f3lares a Phil pela van.&nbsp;<\/span><\/p>\n","protected":false},"excerpt":{"rendered":"<p>&nbsp; Em um recente epis\u00f3dio da s\u00e9rie americana &#8220;Ca\u00e7adores de Rel\u00edquias&#8221; (&#8220;American Pickers&#8221;, no Brasil apresentado no canal pago History Channel), os apresentadores, Frank Fritz e Mike Wolfe, encontraram algo que eles pr\u00f3prios chamaram de &#8220;uma das maiores e mais ic\u00f4nicas pe\u00e7as da hist\u00f3ria do rock n&#8217; roll&#8221;: Trata-se de uma van abandonada do&nbsp;Aerosmith, utilizada&#8230;<\/p>\n","protected":false},"author":1,"featured_media":28464,"comment_status":"open","ping_status":"open","sticky":false,"template":"","format":"standard","meta":{"ngg_post_thumbnail":0,"footnotes":""},"categories":[60],"tags":[],"class_list":["post-28463","post","type-post","status-publish","format-standard","has-post-thumbnail","hentry","category-na-musica","have-post-thumb"],"_links":{"self":[{"href":"https:\/\/radio94fm.net\/site\/wp-json\/wp\/v2\/posts\/28463","targetHints":{"allow":["GET"]}}],"collection":[{"href":"https:\/\/radio94fm.net\/site\/wp-json\/wp\/v2\/posts"}],"about":[{"href":"https:\/\/radio94fm.net\/site\/wp-json\/wp\/v2\/types\/post"}],"author":[{"embeddable":true,"href":"https:\/\/radio94fm.net\/site\/wp-json\/wp\/v2\/users\/1"}],"replies":[{"embeddable":true,"href":"https:\/\/radio94fm.net\/site\/wp-json\/wp\/v2\/comments?post=28463"}],"version-history":[{"count":0,"href":"https:\/\/radio94fm.net\/site\/wp-json\/wp\/v2\/posts\/28463\/revisions"}],"wp:featuredmedia":[{"embeddable":true,"href":"https:\/\/radio94fm.net\/site\/wp-json\/wp\/v2\/media\/28464"}],"wp:attachment":[{"href":"https:\/\/radio94fm.net\/site\/wp-json\/wp\/v2\/media?parent=28463"}],"wp:term":[{"taxonomy":"category","embeddable":true,"href":"https:\/\/radio94fm.net\/site\/wp-json\/wp\/v2\/categories?post=28463"},{"taxonomy":"post_tag","embeddable":true,"href":"https:\/\/radio94fm.net\/site\/wp-json\/wp\/v2\/tags?post=28463"}],"curies":[{"name":"wp","href":"https:\/\/api.w.org\/{rel}","templated":true}]}}