{"id":28425,"date":"2018-08-09T10:37:37","date_gmt":"2018-08-09T13:37:37","guid":{"rendered":"http:\/\/www.radio94fm.net\/site\/?p=28425"},"modified":"2018-08-09T10:37:37","modified_gmt":"2018-08-09T13:37:37","slug":"28425-2","status":"publish","type":"post","link":"https:\/\/radio94fm.net\/site\/28425-2\/","title":{"rendered":"Ariana Grande se fere durante grava\u00e7\u00f5es para o Carpool Karaoke"},"content":{"rendered":"<div class=\"foto\"><span style=\"color: #000000;\"><img decoding=\"async\" src=\"https:\/\/s2.vagalume.com\/ariana-grande\/images\/126084w300.jpg\" alt=\"Ariana Grande letras\" width=\"300\"><\/span><\/div>\n<p>&nbsp;<\/p>\n<p><span style=\"color: #000000;\"><a style=\"color: #000000;\" href=\"https:\/\/www.vagalume.com.br\/ariana-grande\/\">Ariana Grande<\/a>&nbsp;passou por um pequeno susto enquanto gravava a sua participa\u00e7\u00e3o no popular &#8220;Carpool Karaoke&#8221;, o quadro do talk show de James Corden, onde os artistas passeiam de carro cantando novos e antigos sucessos.<\/span><\/p>\n<p><span style=\"color: #000000;\">A cantora postou a imagem ao lado em suas redes sociais onde aparece com a m\u00e3o enfaixada e a legenda &#8220;HAHAHAHAAHAHAHAH Eu sou uma idiota.&#8221; A cantora n\u00e3o disse como se machucou, mas deixou claro que tudo n\u00e3o passou de um susto. A artista, de resto, disse que adorou toda a experi\u00eancia e agradeceu publicamente o apresentador e \u00e0 sua equipe.<\/span><\/p>\n<p><span style=\"color: #000000;\">A participa\u00e7\u00e3o no Carpool \u00e9 mais uma estrat\u00e9gia para promover &#8220;Sweetener&#8221;, o seu mais novo \u00e1lbum que ser\u00e1 lan\u00e7ado no pr\u00f3ximo dia 17.<\/span><\/p>\n<p><span style=\"color: #000000;\">Em outra a\u00e7\u00e3o, Ariana tamb\u00e9m anunciou uma s\u00e9rie de shows intimistas, organizados em parceria com uma companhia de cart\u00f5es de cr\u00e9dito. A &#8220;The Sweetener Sessions&#8221; come\u00e7a com uma apresenta\u00e7\u00e3o no Irving Theater, capacidade para 1200 pessoas, em Nova York em 20 de agosto. Depois ela ruma para Chicago (23) e encerra a mini-turn\u00ea em Los Angeles dois dias depois.<\/span><\/p>\n","protected":false},"excerpt":{"rendered":"<p>&nbsp; Ariana Grande&nbsp;passou por um pequeno susto enquanto gravava a sua participa\u00e7\u00e3o no popular &#8220;Carpool Karaoke&#8221;, o quadro do talk show de James Corden, onde os artistas passeiam de carro cantando novos e antigos sucessos. A cantora postou a imagem ao lado em suas redes sociais onde aparece com a m\u00e3o enfaixada e a legenda&#8230;<\/p>\n","protected":false},"author":1,"featured_media":28426,"comment_status":"open","ping_status":"open","sticky":false,"template":"","format":"standard","meta":{"ngg_post_thumbnail":0,"footnotes":""},"categories":[60],"tags":[],"class_list":["post-28425","post","type-post","status-publish","format-standard","has-post-thumbnail","hentry","category-na-musica","have-post-thumb"],"_links":{"self":[{"href":"https:\/\/radio94fm.net\/site\/wp-json\/wp\/v2\/posts\/28425","targetHints":{"allow":["GET"]}}],"collection":[{"href":"https:\/\/radio94fm.net\/site\/wp-json\/wp\/v2\/posts"}],"about":[{"href":"https:\/\/radio94fm.net\/site\/wp-json\/wp\/v2\/types\/post"}],"author":[{"embeddable":true,"href":"https:\/\/radio94fm.net\/site\/wp-json\/wp\/v2\/users\/1"}],"replies":[{"embeddable":true,"href":"https:\/\/radio94fm.net\/site\/wp-json\/wp\/v2\/comments?post=28425"}],"version-history":[{"count":0,"href":"https:\/\/radio94fm.net\/site\/wp-json\/wp\/v2\/posts\/28425\/revisions"}],"wp:featuredmedia":[{"embeddable":true,"href":"https:\/\/radio94fm.net\/site\/wp-json\/wp\/v2\/media\/28426"}],"wp:attachment":[{"href":"https:\/\/radio94fm.net\/site\/wp-json\/wp\/v2\/media?parent=28425"}],"wp:term":[{"taxonomy":"category","embeddable":true,"href":"https:\/\/radio94fm.net\/site\/wp-json\/wp\/v2\/categories?post=28425"},{"taxonomy":"post_tag","embeddable":true,"href":"https:\/\/radio94fm.net\/site\/wp-json\/wp\/v2\/tags?post=28425"}],"curies":[{"name":"wp","href":"https:\/\/api.w.org\/{rel}","templated":true}]}}