{"id":28261,"date":"2018-07-19T10:35:48","date_gmt":"2018-07-19T13:35:48","guid":{"rendered":"http:\/\/www.radio94fm.net\/site\/?p=28261"},"modified":"2018-07-19T10:35:48","modified_gmt":"2018-07-19T13:35:48","slug":"show-de-bruce-springsteen-na-broadway-ira-se-tornar-filme","status":"publish","type":"post","link":"https:\/\/radio94fm.net\/site\/show-de-bruce-springsteen-na-broadway-ira-se-tornar-filme\/","title":{"rendered":"Show de Bruce Springsteen na Broadway ir\u00e1 se tornar filme"},"content":{"rendered":"<div class=\"foto\"><span style=\"color: #000000;\"><img decoding=\"async\" src=\"https:\/\/s2.vagalume.com\/bruce-springsteen\/images\/125846w550.jpg\" alt=\"Bruce Springsteen letras\" width=\"550\"><\/span><\/div>\n<p>&nbsp;<\/p>\n<p><span style=\"color: #000000;\">Uma boa not\u00edcia para os f\u00e3s de&nbsp;<a style=\"color: #000000;\" href=\"https:\/\/www.vagalume.com.br\/bruce-springsteen\/\">Bruce Springsteen<\/a>&nbsp;que quiseram ver o espet\u00e1culo que o cantor est\u00e1 fazendo na Broadway mas n\u00e3o conseguiram. A Netflix anunciou que o especial &#8220;Springsteen On Broadway&#8221; entrar\u00e1 no ar em 12 de dezembro, mesma data em que o cantor e compositor far\u00e1 a derradeira apresenta\u00e7\u00e3o do espet\u00e1culo no Walter Kerr Theatre. At\u00e9 l\u00e1, Bruce ter\u00e1 feito a apresenta\u00e7\u00e3o incr\u00edveis 236 vezes.<\/span><\/p>\n<p>&nbsp;<\/p>\n<p><span style=\"color: #000000;\">Nesse show, Springsteen conta um pouco de sua vida enquanto relembra m\u00fasicas que foram importantes em sua trajet\u00f3ria. Ele passa a maior parte do tempo sozinho no palco, mas \u00e9 ajudado em alguns n\u00fameros por&nbsp;<a style=\"color: #000000;\" href=\"https:\/\/www.vagalume.com.br\/patti-scialfa\/\">Patti Scialfa<\/a>&nbsp;(que tamb\u00e9m \u00e9 integrante de sua banda e cantora e compositora).<\/span><\/p>\n<p>&nbsp;<\/p>\n<p><span style=\"color: #000000;\">As apresenta\u00e7\u00f5es para o especial da Netflix foram feitas na \u00faltima segunda e ter\u00e7a-feira (17 e 18) perante uma plateia de convidados.<\/span><\/p>\n<p>&nbsp;<\/p>\n<p><span style=\"color: #000000;\">Veja abaixo Springsteen mostrando um trecho do espet\u00e1culo na edi\u00e7\u00e3o deste ano dos Tony Awards, onde ele ganhou um pr\u00eamio especial.<\/span><\/p>\n<p>&nbsp;<\/p>\n<div style=\"position: relative; height: 0; padding-bottom: 56.25%;\"><iframe loading=\"lazy\" style=\"position: absolute; width: 100%; height: 100%; left: 0;\" src=\"https:\/\/www.youtube.com\/embed\/m3RuUp_sZTo?ecver=2\" width=\"640\" height=\"360\" frameborder=\"0\" allowfullscreen=\"allowfullscreen\"><\/iframe><\/div>\n","protected":false},"excerpt":{"rendered":"<p>&nbsp; Uma boa not\u00edcia para os f\u00e3s de&nbsp;Bruce Springsteen&nbsp;que quiseram ver o espet\u00e1culo que o cantor est\u00e1 fazendo na Broadway mas n\u00e3o conseguiram. A Netflix anunciou que o especial &#8220;Springsteen On Broadway&#8221; entrar\u00e1 no ar em 12 de dezembro, mesma data em que o cantor e compositor far\u00e1 a derradeira apresenta\u00e7\u00e3o do espet\u00e1culo no Walter&#8230;<\/p>\n","protected":false},"author":1,"featured_media":28262,"comment_status":"open","ping_status":"open","sticky":false,"template":"","format":"standard","meta":{"ngg_post_thumbnail":0,"footnotes":""},"categories":[60],"tags":[],"class_list":["post-28261","post","type-post","status-publish","format-standard","has-post-thumbnail","hentry","category-na-musica","have-post-thumb"],"_links":{"self":[{"href":"https:\/\/radio94fm.net\/site\/wp-json\/wp\/v2\/posts\/28261","targetHints":{"allow":["GET"]}}],"collection":[{"href":"https:\/\/radio94fm.net\/site\/wp-json\/wp\/v2\/posts"}],"about":[{"href":"https:\/\/radio94fm.net\/site\/wp-json\/wp\/v2\/types\/post"}],"author":[{"embeddable":true,"href":"https:\/\/radio94fm.net\/site\/wp-json\/wp\/v2\/users\/1"}],"replies":[{"embeddable":true,"href":"https:\/\/radio94fm.net\/site\/wp-json\/wp\/v2\/comments?post=28261"}],"version-history":[{"count":0,"href":"https:\/\/radio94fm.net\/site\/wp-json\/wp\/v2\/posts\/28261\/revisions"}],"wp:featuredmedia":[{"embeddable":true,"href":"https:\/\/radio94fm.net\/site\/wp-json\/wp\/v2\/media\/28262"}],"wp:attachment":[{"href":"https:\/\/radio94fm.net\/site\/wp-json\/wp\/v2\/media?parent=28261"}],"wp:term":[{"taxonomy":"category","embeddable":true,"href":"https:\/\/radio94fm.net\/site\/wp-json\/wp\/v2\/categories?post=28261"},{"taxonomy":"post_tag","embeddable":true,"href":"https:\/\/radio94fm.net\/site\/wp-json\/wp\/v2\/tags?post=28261"}],"curies":[{"name":"wp","href":"https:\/\/api.w.org\/{rel}","templated":true}]}}