{"id":28163,"date":"2018-07-09T10:42:31","date_gmt":"2018-07-09T13:42:31","guid":{"rendered":"http:\/\/www.radio94fm.net\/site\/?p=28163"},"modified":"2018-07-09T10:42:31","modified_gmt":"2018-07-09T13:42:31","slug":"chris-brown-e-preso-na-florida","status":"publish","type":"post","link":"https:\/\/radio94fm.net\/site\/chris-brown-e-preso-na-florida\/","title":{"rendered":"Chris Brown \u00e9 preso na Fl\u00f3rida"},"content":{"rendered":"<div class=\"foto\"><span style=\"color: #000000;\"><img decoding=\"async\" src=\"https:\/\/s2.vagalume.com\/chris-brown\/images\/125742w550.jpg\" alt=\"Chris Brown letras\" width=\"550\"><\/span><\/div>\n<p>&nbsp;<\/p>\n<p><span style=\"color: #000000;\"><a style=\"color: #000000;\" href=\"https:\/\/www.vagalume.com.br\/chris-brown\/\">Chris Brown<\/a>&nbsp;foi preso ontem \u00e0 noite (5) na Fl\u00f3rida logo depois de fazer um show em West Palm Beach. O artista foi lavado para a delegacia para responder por uma den\u00fancia ocorrida em 2017 e sob jurisdi\u00e7\u00e3o de outro condado, quando ele foi acusado pela pol\u00edcia de agredir um fot\u00f3grafo em um clube em abril.<\/span><\/p>\n<p><span style=\"color: #000000;\">O cantor teve a sua foto tirada pelas autoridades (a imagem acima) e, depois de pagar a fian\u00e7a de 2 mil d\u00f3lares estipulada pelo juiz, foi liberado. Em sua conta no Instagram ele escreveu apenas: &#8220;Qual a novidade???? Amanh\u00e3 tem show&#8221;, referindo-se ao concerto que far\u00e1 hoje em Tampa, tamb\u00e9m na Fl\u00f3rida.<\/span><\/p>\n","protected":false},"excerpt":{"rendered":"<p>&nbsp; Chris Brown&nbsp;foi preso ontem \u00e0 noite (5) na Fl\u00f3rida logo depois de fazer um show em West Palm Beach. O artista foi lavado para a delegacia para responder por uma den\u00fancia ocorrida em 2017 e sob jurisdi\u00e7\u00e3o de outro condado, quando ele foi acusado pela pol\u00edcia de agredir um fot\u00f3grafo em um clube em&#8230;<\/p>\n","protected":false},"author":1,"featured_media":28164,"comment_status":"open","ping_status":"open","sticky":false,"template":"","format":"standard","meta":{"ngg_post_thumbnail":0,"footnotes":""},"categories":[60],"tags":[],"class_list":["post-28163","post","type-post","status-publish","format-standard","has-post-thumbnail","hentry","category-na-musica","have-post-thumb"],"_links":{"self":[{"href":"https:\/\/radio94fm.net\/site\/wp-json\/wp\/v2\/posts\/28163","targetHints":{"allow":["GET"]}}],"collection":[{"href":"https:\/\/radio94fm.net\/site\/wp-json\/wp\/v2\/posts"}],"about":[{"href":"https:\/\/radio94fm.net\/site\/wp-json\/wp\/v2\/types\/post"}],"author":[{"embeddable":true,"href":"https:\/\/radio94fm.net\/site\/wp-json\/wp\/v2\/users\/1"}],"replies":[{"embeddable":true,"href":"https:\/\/radio94fm.net\/site\/wp-json\/wp\/v2\/comments?post=28163"}],"version-history":[{"count":0,"href":"https:\/\/radio94fm.net\/site\/wp-json\/wp\/v2\/posts\/28163\/revisions"}],"wp:featuredmedia":[{"embeddable":true,"href":"https:\/\/radio94fm.net\/site\/wp-json\/wp\/v2\/media\/28164"}],"wp:attachment":[{"href":"https:\/\/radio94fm.net\/site\/wp-json\/wp\/v2\/media?parent=28163"}],"wp:term":[{"taxonomy":"category","embeddable":true,"href":"https:\/\/radio94fm.net\/site\/wp-json\/wp\/v2\/categories?post=28163"},{"taxonomy":"post_tag","embeddable":true,"href":"https:\/\/radio94fm.net\/site\/wp-json\/wp\/v2\/tags?post=28163"}],"curies":[{"name":"wp","href":"https:\/\/api.w.org\/{rel}","templated":true}]}}