{"id":28139,"date":"2018-07-05T10:24:22","date_gmt":"2018-07-05T13:24:22","guid":{"rendered":"http:\/\/www.radio94fm.net\/site\/?p=28139"},"modified":"2018-07-05T10:24:22","modified_gmt":"2018-07-05T13:24:22","slug":"rihanna-e-j-balvin-se-encontram-apos-declaracao-polemica-do-cantor","status":"publish","type":"post","link":"https:\/\/radio94fm.net\/site\/rihanna-e-j-balvin-se-encontram-apos-declaracao-polemica-do-cantor\/","title":{"rendered":"Rihanna e J Balvin se encontram ap\u00f3s declara\u00e7\u00e3o pol\u00eamica do cantor"},"content":{"rendered":"<div class=\"foto\"><span style=\"color: #000000;\"><img decoding=\"async\" src=\"https:\/\/s2.vagalume.com\/rihanna\/images\/125571w550.jpg\" alt=\"Rihanna letras\" width=\"550\"><\/span><\/div>\n<p>&nbsp;<\/p>\n<p><span style=\"color: #000000;\">O clima entre&nbsp;<a style=\"color: #000000;\" href=\"https:\/\/www.vagalume.com.br\/rihanna\/\">Rihanna<\/a>&nbsp;e&nbsp;<a style=\"color: #000000;\" href=\"https:\/\/www.vagalume.com.br\/j-balvin\/\">J Balvin<\/a>, atualmente, n\u00e3o \u00e9 dos melhores. Ap\u00f3s dois meses do m\u00fasico ter dito em uma entrevista que a cantora &#8220;n\u00e3o \u00e9 mulher para casar&#8221;, mas sim &#8220;para curtir muito&#8221;, os dois se encontraram pela primeira vez nos bastidores de um evento realizado pela Louis Vuitton, nesta quinta-feira (21), em Paris.<\/span><\/p>\n<p>&nbsp;<\/p>\n<p><span style=\"color: #000000;\"><a style=\"color: #000000;\" href=\"https:\/\/www.vagalume.com.br\/rihanna\/\">Rihanna<\/a>&nbsp;n\u00e3o pareceu muito confort\u00e1vel ao cumprimentar o colombiano, que, por sua vez, utilizou seu instagram para comentar o momento. &#8220;Eu sempre sonhei em conhec\u00ea-la, sou um f\u00e3 e estava assustado. Me senti intimidado&#8221;, escreveu ele. &#8220;Essa mulher tira meu ar, ela est\u00e1 em outro n\u00edvel, e eu pareci t\u00edmido e bobo&#8221;, acrescentou.&nbsp;<\/span><\/p>\n<p>&nbsp;<\/p>\n<blockquote class=\"instagram-media\" style=\"background: #FFF; border: 0; border-radius: 3px; box-shadow: 0 0 1px 0 rgba(0,0,0,0.5),0 1px 10px 0 rgba(0,0,0,0.15); margin: 1px; max-width: 658px; padding: 0; width: calc(100% - 2px);\" data-instgrm-captioned=\"\" data-instgrm-permalink=\"https:\/\/www.instagram.com\/p\/BkTpmmoA-mM\/\" data-instgrm-version=\"8\">\n<div style=\"padding: 8px;\">\n<div style=\"background: #F8F8F8; line-height: 0; margin-top: 40px; padding: 50.0% 0; text-align: center; width: 100%;\">&nbsp;<\/div>\n<p style=\"margin: 8px 0 0 0; padding: 0 4px;\"><a style=\"color: #000; font-family: Arial,sans-serif; font-size: 14px; font-style: normal; font-weight: normal; line-height: 17px; text-decoration: none; word-wrap: break-word;\" href=\"https:\/\/www.instagram.com\/p\/BkTpmmoA-mM\/\" target=\"_blank\" rel=\"noopener noreferrer\">Siempre so\u00f1\u00e9 conocerla soy muy fan y hasta me asust\u00e9 me sent\u00ed intimidado . jjjejejeje This woman takes my breath away. She\u2019s on another level and I look shy and so dumb lol ? ?<\/a><\/p>\n<p style=\"color: #c9c8cd; font-family: Arial,sans-serif; font-size: 14px; line-height: 17px; margin-bottom: 0; margin-top: 8px; overflow: hidden; padding: 8px 0 7px; text-align: center; text-overflow: ellipsis; white-space: nowrap;\">Uma publica\u00e7\u00e3o compartilhada por <a style=\"color: #c9c8cd; font-family: Arial,sans-serif; font-size: 14px; font-style: normal; font-weight: normal; line-height: 17px;\" href=\"https:\/\/www.instagram.com\/jbalvin\/\" target=\"_blank\" rel=\"noopener noreferrer\"> J Balvin<\/a> (@jbalvin) em <time style=\"font-family: Arial,sans-serif; font-size: 14px; line-height: 17px;\" datetime=\"2018-06-22T00:41:47+00:00\">21 de Jun, 2018 \u00e0s 5:41 PDT<\/time><\/p>\n<\/div>\n<\/blockquote>\n<p><script async=\"\" defer=\"\" src=\"\/\/www.instagram.com\/embed.js\"><\/script><\/p>\n","protected":false},"excerpt":{"rendered":"<p>&nbsp; O clima entre&nbsp;Rihanna&nbsp;e&nbsp;J Balvin, atualmente, n\u00e3o \u00e9 dos melhores. Ap\u00f3s dois meses do m\u00fasico ter dito em uma entrevista que a cantora &#8220;n\u00e3o \u00e9 mulher para casar&#8221;, mas sim &#8220;para curtir muito&#8221;, os dois se encontraram pela primeira vez nos bastidores de um evento realizado pela Louis Vuitton, nesta quinta-feira (21), em Paris. &nbsp;&#8230;<\/p>\n","protected":false},"author":1,"featured_media":28141,"comment_status":"open","ping_status":"open","sticky":false,"template":"","format":"standard","meta":{"ngg_post_thumbnail":0,"footnotes":""},"categories":[60],"tags":[],"class_list":["post-28139","post","type-post","status-publish","format-standard","has-post-thumbnail","hentry","category-na-musica","have-post-thumb"],"_links":{"self":[{"href":"https:\/\/radio94fm.net\/site\/wp-json\/wp\/v2\/posts\/28139","targetHints":{"allow":["GET"]}}],"collection":[{"href":"https:\/\/radio94fm.net\/site\/wp-json\/wp\/v2\/posts"}],"about":[{"href":"https:\/\/radio94fm.net\/site\/wp-json\/wp\/v2\/types\/post"}],"author":[{"embeddable":true,"href":"https:\/\/radio94fm.net\/site\/wp-json\/wp\/v2\/users\/1"}],"replies":[{"embeddable":true,"href":"https:\/\/radio94fm.net\/site\/wp-json\/wp\/v2\/comments?post=28139"}],"version-history":[{"count":0,"href":"https:\/\/radio94fm.net\/site\/wp-json\/wp\/v2\/posts\/28139\/revisions"}],"wp:featuredmedia":[{"embeddable":true,"href":"https:\/\/radio94fm.net\/site\/wp-json\/wp\/v2\/media\/28141"}],"wp:attachment":[{"href":"https:\/\/radio94fm.net\/site\/wp-json\/wp\/v2\/media?parent=28139"}],"wp:term":[{"taxonomy":"category","embeddable":true,"href":"https:\/\/radio94fm.net\/site\/wp-json\/wp\/v2\/categories?post=28139"},{"taxonomy":"post_tag","embeddable":true,"href":"https:\/\/radio94fm.net\/site\/wp-json\/wp\/v2\/tags?post=28139"}],"curies":[{"name":"wp","href":"https:\/\/api.w.org\/{rel}","templated":true}]}}