{"id":28135,"date":"2018-07-05T10:08:50","date_gmt":"2018-07-05T13:08:50","guid":{"rendered":"http:\/\/www.radio94fm.net\/site\/?p=28135"},"modified":"2018-07-05T10:08:50","modified_gmt":"2018-07-05T13:08:50","slug":"shawn-mendes-revela-que-gostaria-de-uma-parceria-com-kevinho","status":"publish","type":"post","link":"https:\/\/radio94fm.net\/site\/shawn-mendes-revela-que-gostaria-de-uma-parceria-com-kevinho\/","title":{"rendered":"Shawn Mendes revela que gostaria de uma parceria com Kevinho"},"content":{"rendered":"<div class=\"foto\"><span style=\"color: #000000;\"><img decoding=\"async\" src=\"https:\/\/s2.vagalume.com\/shawn-mendes\/images\/125709w550.jpg\" alt=\"Shawn Mendes letras\" width=\"550\"><\/span><\/div>\n<p>&nbsp;<\/p>\n<p><span style=\"color: #000000;\">Em sua passagem por aqui,&nbsp;<a style=\"color: #000000;\" href=\"https:\/\/www.vagalume.com.br\/shawn-mendes\/\">Shawn Mendes<\/a>&nbsp;andou conquistando mais ainda os seus f\u00e3s do Brasil. O m\u00fasico, que fez uma apresenta\u00e7\u00e3o \u00fanica no pa\u00eds no \u00faltimo domingo (1), no &#8220;Villa Mix Festival&#8221; em Goi\u00e2nia, chegou a atender 600 pessoas que os esperavam na porta do hotel em que estava hospedado, vestiu a camisa e assistiu ao jogo da sele\u00e7\u00e3o brasileira em um bar da cidade, e tamb\u00e9m revelou a vontade de gravar uma m\u00fasica com um cantor brasileiro: o funkeiro&nbsp;<a style=\"color: #000000;\" href=\"https:\/\/www.vagalume.com.br\/mc-kevinho\/\">MC Kevinho<\/a>.<\/span><\/p>\n<p>&nbsp;<\/p>\n<p><span style=\"color: #000000;\">Em entrevista ao site UOL, antes de sua apresenta\u00e7\u00e3o, Mendes falou um pouco sobre os artistas nacionais: &#8220;Ainda n\u00e3o tive a oportunidade de conhecer os cantores que tocaram hoje, mas sei quem \u00e9 o Kevinho, que tocou aqui ontem. Gostaria de gravar algo em portugu\u00eas com ele.&#8221;<\/span><\/p>\n<p>&nbsp;<\/p>\n<p><span style=\"color: #000000;\">E talvez isso n\u00e3o esteja t\u00e3o fora da realidade. O cantor, que \u00e9 filho de pai portugu\u00eas, j\u00e1 chegou a ser aventurar no idioma ao fazer a vers\u00e3o da l\u00edngua para a faixa &#8220;<a style=\"color: #000000;\" href=\"https:\/\/www.vagalume.com.br\/shawn-mendes\/in-my-blood.html\">In My Blood<\/a>&#8220;, na inten\u00e7\u00e3o de inspirar a sele\u00e7\u00e3o de Portugal na Copa do Mundo.<\/span><\/p>\n","protected":false},"excerpt":{"rendered":"<p>&nbsp; Em sua passagem por aqui,&nbsp;Shawn Mendes&nbsp;andou conquistando mais ainda os seus f\u00e3s do Brasil. O m\u00fasico, que fez uma apresenta\u00e7\u00e3o \u00fanica no pa\u00eds no \u00faltimo domingo (1), no &#8220;Villa Mix Festival&#8221; em Goi\u00e2nia, chegou a atender 600 pessoas que os esperavam na porta do hotel em que estava hospedado, vestiu a camisa e assistiu&#8230;<\/p>\n","protected":false},"author":1,"featured_media":28136,"comment_status":"open","ping_status":"open","sticky":false,"template":"","format":"standard","meta":{"ngg_post_thumbnail":0,"footnotes":""},"categories":[60],"tags":[],"class_list":["post-28135","post","type-post","status-publish","format-standard","has-post-thumbnail","hentry","category-na-musica","have-post-thumb"],"_links":{"self":[{"href":"https:\/\/radio94fm.net\/site\/wp-json\/wp\/v2\/posts\/28135","targetHints":{"allow":["GET"]}}],"collection":[{"href":"https:\/\/radio94fm.net\/site\/wp-json\/wp\/v2\/posts"}],"about":[{"href":"https:\/\/radio94fm.net\/site\/wp-json\/wp\/v2\/types\/post"}],"author":[{"embeddable":true,"href":"https:\/\/radio94fm.net\/site\/wp-json\/wp\/v2\/users\/1"}],"replies":[{"embeddable":true,"href":"https:\/\/radio94fm.net\/site\/wp-json\/wp\/v2\/comments?post=28135"}],"version-history":[{"count":0,"href":"https:\/\/radio94fm.net\/site\/wp-json\/wp\/v2\/posts\/28135\/revisions"}],"wp:featuredmedia":[{"embeddable":true,"href":"https:\/\/radio94fm.net\/site\/wp-json\/wp\/v2\/media\/28136"}],"wp:attachment":[{"href":"https:\/\/radio94fm.net\/site\/wp-json\/wp\/v2\/media?parent=28135"}],"wp:term":[{"taxonomy":"category","embeddable":true,"href":"https:\/\/radio94fm.net\/site\/wp-json\/wp\/v2\/categories?post=28135"},{"taxonomy":"post_tag","embeddable":true,"href":"https:\/\/radio94fm.net\/site\/wp-json\/wp\/v2\/tags?post=28135"}],"curies":[{"name":"wp","href":"https:\/\/api.w.org\/{rel}","templated":true}]}}