{"id":28061,"date":"2018-06-29T10:41:46","date_gmt":"2018-06-29T13:41:46","guid":{"rendered":"http:\/\/www.radio94fm.net\/site\/?p=28061"},"modified":"2018-06-29T10:41:46","modified_gmt":"2018-06-29T13:41:46","slug":"anitta-lanca-nova-versao-de-show-das-poderosas-com-participacao-de-gloria-groove-veja","status":"publish","type":"post","link":"https:\/\/radio94fm.net\/site\/anitta-lanca-nova-versao-de-show-das-poderosas-com-participacao-de-gloria-groove-veja\/","title":{"rendered":"Anitta lan\u00e7a nova vers\u00e3o de &#8220;Show das Poderosas&#8221; com participa\u00e7\u00e3o de Gloria Groove. Veja!"},"content":{"rendered":"<div class=\"foto\"><span style=\"color: #000000;\"><img decoding=\"async\" src=\"https:\/\/s2.vagalume.com\/anitta\/images\/125659w550.jpg\" alt=\"Anitta letras\" width=\"550\"><\/span><\/div>\n<p>&nbsp;<\/p>\n<p><span style=\"color: #000000;\"><a style=\"color: #000000;\" href=\"https:\/\/www.vagalume.com.br\/anitta\/\">Anitta<\/a>&nbsp;lan\u00e7ou uma nova vers\u00e3o de seu grande sucesso &#8220;<a style=\"color: #000000;\" href=\"https:\/\/www.vagalume.com.br\/anitta\/show-das-poderosas.html\">Show Das Poderosas<\/a>&nbsp;para marcar o dia do orgulho LGBT, que foi celebrado ontem (28). A cantora regravou a m\u00fasica com a drag queen&nbsp;<a style=\"color: #000000;\" href=\"https:\/\/www.vagalume.com.br\/gloria-groove\/\">Gloria Groove<\/a>&nbsp;e a m\u00fasica ganhou um novo arranjo, que deixou a faixa mais pesada.<\/span><\/p>\n<p>&nbsp;<\/p>\n<p><span style=\"color: #000000;\">O clipe \u00e9 simples, com cenas registradas em est\u00fadio mostrando&nbsp;<a style=\"color: #000000;\" href=\"https:\/\/www.vagalume.com.br\/anitta\/\">Anitta<\/a>&nbsp;e Gloria (que se chama Daniel Garcia e come\u00e7ou a carreira como integrante de uma forma\u00e7\u00e3o mais recente da&nbsp;<a style=\"color: #000000;\" href=\"https:\/\/www.vagalume.com.br\/a-turma-do-balao-magico\/\">Turma do Bal\u00e3o M\u00e1gico<\/a>) gravando a can\u00e7\u00e3o.<\/span><\/p>\n<p>&nbsp;<\/p>\n<p><span style=\"color: #000000;\">Veja o v\u00eddeo e curta os hits de&nbsp;<a style=\"color: #000000;\" href=\"https:\/\/www.vagalume.com.br\/anitta\/\">Anitta<\/a>&nbsp;aqui:<\/span><\/p>\n<p>&nbsp;<\/p>\n<p><iframe loading=\"lazy\" src=\"https:\/\/www.youtube.com\/embed\/MvDqqF-hyYw\" width=\"560\" height=\"315\" frameborder=\"0\" allowfullscreen=\"allowfullscreen\"><\/iframe><\/p>\n<p><span style=\"font-size: 8pt;\"><em>Fonte: www.vagalume.com.br<\/em><\/span><\/p>\n","protected":false},"excerpt":{"rendered":"<p>&nbsp; Anitta&nbsp;lan\u00e7ou uma nova vers\u00e3o de seu grande sucesso &#8220;Show Das Poderosas&nbsp;para marcar o dia do orgulho LGBT, que foi celebrado ontem (28). A cantora regravou a m\u00fasica com a drag queen&nbsp;Gloria Groove&nbsp;e a m\u00fasica ganhou um novo arranjo, que deixou a faixa mais pesada. &nbsp; O clipe \u00e9 simples, com cenas registradas em est\u00fadio&#8230;<\/p>\n","protected":false},"author":1,"featured_media":28062,"comment_status":"open","ping_status":"open","sticky":false,"template":"","format":"standard","meta":{"ngg_post_thumbnail":0,"footnotes":""},"categories":[60],"tags":[],"class_list":["post-28061","post","type-post","status-publish","format-standard","has-post-thumbnail","hentry","category-na-musica","have-post-thumb"],"_links":{"self":[{"href":"https:\/\/radio94fm.net\/site\/wp-json\/wp\/v2\/posts\/28061","targetHints":{"allow":["GET"]}}],"collection":[{"href":"https:\/\/radio94fm.net\/site\/wp-json\/wp\/v2\/posts"}],"about":[{"href":"https:\/\/radio94fm.net\/site\/wp-json\/wp\/v2\/types\/post"}],"author":[{"embeddable":true,"href":"https:\/\/radio94fm.net\/site\/wp-json\/wp\/v2\/users\/1"}],"replies":[{"embeddable":true,"href":"https:\/\/radio94fm.net\/site\/wp-json\/wp\/v2\/comments?post=28061"}],"version-history":[{"count":0,"href":"https:\/\/radio94fm.net\/site\/wp-json\/wp\/v2\/posts\/28061\/revisions"}],"wp:featuredmedia":[{"embeddable":true,"href":"https:\/\/radio94fm.net\/site\/wp-json\/wp\/v2\/media\/28062"}],"wp:attachment":[{"href":"https:\/\/radio94fm.net\/site\/wp-json\/wp\/v2\/media?parent=28061"}],"wp:term":[{"taxonomy":"category","embeddable":true,"href":"https:\/\/radio94fm.net\/site\/wp-json\/wp\/v2\/categories?post=28061"},{"taxonomy":"post_tag","embeddable":true,"href":"https:\/\/radio94fm.net\/site\/wp-json\/wp\/v2\/tags?post=28061"}],"curies":[{"name":"wp","href":"https:\/\/api.w.org\/{rel}","templated":true}]}}