{"id":27907,"date":"2018-06-13T14:15:54","date_gmt":"2018-06-13T17:15:54","guid":{"rendered":"http:\/\/www.radio94fm.net\/site\/?p=27907"},"modified":"2018-06-13T14:15:54","modified_gmt":"2018-06-13T17:15:54","slug":"ariana-grande-lanca-clipe-de-the-light-is-coming-com-participacao-de-nicki-minaj","status":"publish","type":"post","link":"https:\/\/radio94fm.net\/site\/ariana-grande-lanca-clipe-de-the-light-is-coming-com-participacao-de-nicki-minaj\/","title":{"rendered":"Ariana Grande lan\u00e7a clipe de &#8220;The Light Is Coming&#8221; com participa\u00e7\u00e3o de Nicki Minaj!"},"content":{"rendered":"<div class=\"foto\"><span style=\"color: #000000;\"><img decoding=\"async\" src=\"https:\/\/s2.vagalume.com\/ariana-grande\/images\/125553w550.jpg\" alt=\"Ariana Grande letras\" width=\"550\"><\/span><\/div>\n<p>&nbsp;<\/p>\n<p><span style=\"color: #000000;\">O clipe de &#8220;The Light is Out&#8221;, a m\u00fasica que&nbsp;<a style=\"color: #000000;\" href=\"https:\/\/www.vagalume.com.br\/ariana-grande\/\">Ariana Grande<\/a>&nbsp;gravou com a participa\u00e7\u00e3o especial de&nbsp;<a style=\"color: #000000;\" href=\"https:\/\/www.vagalume.com.br\/nicki-minaj\/\">Nicki Minaj<\/a>&nbsp;foi lan\u00e7ado. A faixa estar\u00e1 em &#8220;Sweetener&#8221;, o quarto \u00e1lbum de est\u00fadio da cantora que chega ao mercado no dia 17 de agosto.<\/span><\/p>\n<p><span style=\"color: #000000;\">&#8220;<a style=\"color: #000000;\" href=\"https:\/\/www.vagalume.com.br\/ariana-grande\/the-light-is-coming-feat-nicki-minaj.html\">The Light Is Coming (Feat. Nicki Minaj)<\/a>&#8221; foi produzida por&nbsp;<a style=\"color: #000000;\" href=\"https:\/\/www.vagalume.com.br\/pharrell-williams\/\">Pharrell<\/a>, tamb\u00e9m um de seus compositores, e \u00e9 marcada por um clima claustrof\u00f3bico e quase experimental. Isso explica o fato dela ter ganhado um v\u00eddeo soturno gravado em uma floresta escura apesar da letra da faixa falar que: &#8220;a luz est\u00e1 chegando para me devolver tudo a escurid\u00e3o roubou&#8221;.<\/span><\/p>\n<p>&nbsp;<\/p>\n<div style=\"position: relative; height: 0; padding-bottom: 56.25%;\"><iframe loading=\"lazy\" style=\"position: absolute; width: 100%; height: 100%; left: 0;\" src=\"https:\/\/www.youtube.com\/embed\/EO1Wt62edK4?ecver=2\" width=\"640\" height=\"360\" frameborder=\"0\" allowfullscreen=\"allowfullscreen\"><\/iframe><\/div>\n","protected":false},"excerpt":{"rendered":"<p>&nbsp; O clipe de &#8220;The Light is Out&#8221;, a m\u00fasica que&nbsp;Ariana Grande&nbsp;gravou com a participa\u00e7\u00e3o especial de&nbsp;Nicki Minaj&nbsp;foi lan\u00e7ado. A faixa estar\u00e1 em &#8220;Sweetener&#8221;, o quarto \u00e1lbum de est\u00fadio da cantora que chega ao mercado no dia 17 de agosto. &#8220;The Light Is Coming (Feat. Nicki Minaj)&#8221; foi produzida por&nbsp;Pharrell, tamb\u00e9m um de seus compositores,&#8230;<\/p>\n","protected":false},"author":1,"featured_media":27908,"comment_status":"open","ping_status":"open","sticky":false,"template":"","format":"standard","meta":{"ngg_post_thumbnail":0,"footnotes":""},"categories":[60],"tags":[],"class_list":["post-27907","post","type-post","status-publish","format-standard","has-post-thumbnail","hentry","category-na-musica","have-post-thumb"],"_links":{"self":[{"href":"https:\/\/radio94fm.net\/site\/wp-json\/wp\/v2\/posts\/27907","targetHints":{"allow":["GET"]}}],"collection":[{"href":"https:\/\/radio94fm.net\/site\/wp-json\/wp\/v2\/posts"}],"about":[{"href":"https:\/\/radio94fm.net\/site\/wp-json\/wp\/v2\/types\/post"}],"author":[{"embeddable":true,"href":"https:\/\/radio94fm.net\/site\/wp-json\/wp\/v2\/users\/1"}],"replies":[{"embeddable":true,"href":"https:\/\/radio94fm.net\/site\/wp-json\/wp\/v2\/comments?post=27907"}],"version-history":[{"count":0,"href":"https:\/\/radio94fm.net\/site\/wp-json\/wp\/v2\/posts\/27907\/revisions"}],"wp:featuredmedia":[{"embeddable":true,"href":"https:\/\/radio94fm.net\/site\/wp-json\/wp\/v2\/media\/27908"}],"wp:attachment":[{"href":"https:\/\/radio94fm.net\/site\/wp-json\/wp\/v2\/media?parent=27907"}],"wp:term":[{"taxonomy":"category","embeddable":true,"href":"https:\/\/radio94fm.net\/site\/wp-json\/wp\/v2\/categories?post=27907"},{"taxonomy":"post_tag","embeddable":true,"href":"https:\/\/radio94fm.net\/site\/wp-json\/wp\/v2\/tags?post=27907"}],"curies":[{"name":"wp","href":"https:\/\/api.w.org\/{rel}","templated":true}]}}