{"id":27134,"date":"2018-02-21T10:30:50","date_gmt":"2018-02-21T13:30:50","guid":{"rendered":"http:\/\/www.radio94fm.net\/site\/?p=27134"},"modified":"2018-02-21T10:30:50","modified_gmt":"2018-02-21T13:30:50","slug":"selena-gomez-e-justin-bieber-mostram-lado-romantico-no-caribe-veja-as-fotos","status":"publish","type":"post","link":"https:\/\/radio94fm.net\/site\/selena-gomez-e-justin-bieber-mostram-lado-romantico-no-caribe-veja-as-fotos\/","title":{"rendered":"Selena Gomez e Justin Bieber mostram lado rom\u00e2ntico no Caribe. Veja as fotos!"},"content":{"rendered":"<p><span style=\"color: #000000;\"><img loading=\"lazy\" decoding=\"async\" class=\"aligncenter size-full wp-image-27135\" src=\"https:\/\/www.radio94fm.net\/site\/wp-content\/uploads\/2018\/02\/1-1.jpg\" alt=\"\" width=\"550\" height=\"501\" srcset=\"https:\/\/radio94fm.net\/site\/wp-content\/uploads\/2018\/02\/1-1.jpg 550w, https:\/\/radio94fm.net\/site\/wp-content\/uploads\/2018\/02\/1-1-300x273.jpg 300w\" sizes=\"auto, (max-width: 550px) 100vw, 550px\" \/><\/span><\/p>\n<p>&nbsp;<\/p>\n<p><span style=\"color: #000000;\"><a style=\"color: #000000;\" href=\"https:\/\/www.vagalume.com.br\/justin-bieber\/\">Justin Bieber<\/a>&nbsp;e&nbsp;<a style=\"color: #000000;\" href=\"https:\/\/www.vagalume.com.br\/selena-gomez\/\">Selena Gomez<\/a>&nbsp;foram fotografados juntos, em clima rom\u00e2ntico, nesta segunda-feira (19), na Jamaica.&nbsp;<\/span><\/p>\n<p>&nbsp;<\/p>\n<p><span style=\"color: #000000;\">O casal est\u00e1 no Caribe para a cerim\u00f4nia \u00edntima de casamento do pai do cantor que aconteceu ao ar livre, e, durante a festa, aproveitaram juntos a piscina e os coquet\u00e9is do resort.<\/span><\/p>\n<p>&nbsp;<\/p>\n<p><span style=\"color: #000000;\">Confira algumas fotos:<\/span><\/p>\n<p>&nbsp;<\/p>\n<p><img loading=\"lazy\" decoding=\"async\" class=\"aligncenter size-full wp-image-27136\" src=\"https:\/\/www.radio94fm.net\/site\/wp-content\/uploads\/2018\/02\/2.jpg\" alt=\"\" width=\"550\" height=\"660\"><\/p>\n<p>&nbsp;<\/p>\n<p><img loading=\"lazy\" decoding=\"async\" class=\"aligncenter size-full wp-image-27137\" src=\"https:\/\/www.radio94fm.net\/site\/wp-content\/uploads\/2018\/02\/3.jpg\" alt=\"\" width=\"470\" height=\"918\"><\/p>\n","protected":false},"excerpt":{"rendered":"<p>&nbsp; Justin Bieber&nbsp;e&nbsp;Selena Gomez&nbsp;foram fotografados juntos, em clima rom\u00e2ntico, nesta segunda-feira (19), na Jamaica.&nbsp; &nbsp; O casal est\u00e1 no Caribe para a cerim\u00f4nia \u00edntima de casamento do pai do cantor que aconteceu ao ar livre, e, durante a festa, aproveitaram juntos a piscina e os coquet\u00e9is do resort. &nbsp; Confira algumas fotos: &nbsp; &nbsp;<\/p>\n","protected":false},"author":1,"featured_media":27135,"comment_status":"open","ping_status":"open","sticky":false,"template":"","format":"standard","meta":{"ngg_post_thumbnail":0,"footnotes":""},"categories":[60],"tags":[],"class_list":["post-27134","post","type-post","status-publish","format-standard","has-post-thumbnail","hentry","category-na-musica","have-post-thumb"],"_links":{"self":[{"href":"https:\/\/radio94fm.net\/site\/wp-json\/wp\/v2\/posts\/27134","targetHints":{"allow":["GET"]}}],"collection":[{"href":"https:\/\/radio94fm.net\/site\/wp-json\/wp\/v2\/posts"}],"about":[{"href":"https:\/\/radio94fm.net\/site\/wp-json\/wp\/v2\/types\/post"}],"author":[{"embeddable":true,"href":"https:\/\/radio94fm.net\/site\/wp-json\/wp\/v2\/users\/1"}],"replies":[{"embeddable":true,"href":"https:\/\/radio94fm.net\/site\/wp-json\/wp\/v2\/comments?post=27134"}],"version-history":[{"count":0,"href":"https:\/\/radio94fm.net\/site\/wp-json\/wp\/v2\/posts\/27134\/revisions"}],"wp:featuredmedia":[{"embeddable":true,"href":"https:\/\/radio94fm.net\/site\/wp-json\/wp\/v2\/media\/27135"}],"wp:attachment":[{"href":"https:\/\/radio94fm.net\/site\/wp-json\/wp\/v2\/media?parent=27134"}],"wp:term":[{"taxonomy":"category","embeddable":true,"href":"https:\/\/radio94fm.net\/site\/wp-json\/wp\/v2\/categories?post=27134"},{"taxonomy":"post_tag","embeddable":true,"href":"https:\/\/radio94fm.net\/site\/wp-json\/wp\/v2\/tags?post=27134"}],"curies":[{"name":"wp","href":"https:\/\/api.w.org\/{rel}","templated":true}]}}