{"id":27043,"date":"2018-02-08T09:50:02","date_gmt":"2018-02-08T12:50:02","guid":{"rendered":"http:\/\/www.radio94fm.net\/site\/?p=27043"},"modified":"2018-02-08T09:50:02","modified_gmt":"2018-02-08T12:50:02","slug":"dj-alesso-revela-versao-remix-de-vai-malandra-de-anitta-ouca","status":"publish","type":"post","link":"https:\/\/radio94fm.net\/site\/dj-alesso-revela-versao-remix-de-vai-malandra-de-anitta-ouca\/","title":{"rendered":"DJ Alesso revela vers\u00e3o remix de &#8220;Vai Malandra&#8221;, de Anitta. Ou\u00e7a!"},"content":{"rendered":"<p><span style=\"color: #000000;\"><img loading=\"lazy\" decoding=\"async\" class=\"aligncenter size-full wp-image-27044\" src=\"https:\/\/www.radio94fm.net\/site\/wp-content\/uploads\/2018\/02\/122104w550.jpg\" alt=\"\" width=\"550\" height=\"309\" srcset=\"https:\/\/radio94fm.net\/site\/wp-content\/uploads\/2018\/02\/122104w550.jpg 550w, https:\/\/radio94fm.net\/site\/wp-content\/uploads\/2018\/02\/122104w550-300x169.jpg 300w\" sizes=\"auto, (max-width: 550px) 100vw, 550px\" \/><\/span><\/p>\n<p>&nbsp;<\/p>\n<p><span style=\"color: #000000;\">DJ Alesso divulgou hoje (7) a vers\u00e3o remix EDM de &#8220;<a style=\"color: #000000;\" href=\"https:\/\/www.vagalume.com.br\/anitta\/vai-malandra-ft-mc-zaac-maejor-ft-tropkillaz-dj-yuri.html\">Vai Malandra (Ft. Mc Zaac, Maejor ft. Tropkillaz, Dj Yuri)<\/a>&#8220;, m\u00fasica rec\u00e9m-lan\u00e7ada de&nbsp;<a style=\"color: #000000;\" href=\"https:\/\/www.vagalume.com.br\/anitta\/\">Anitta<\/a>. A nova vers\u00e3o j\u00e1 ganhou um clipe, disponibilizado no canal oficial do artista no Youtube<\/span><\/p>\n<p>&nbsp;<\/p>\n<p><span style=\"color: #000000;\">O DJ, que j\u00e1 trabalhou com a brasileira na faixa &#8220;<a style=\"color: #000000;\" href=\"https:\/\/www.vagalume.com.br\/anitta\/is-that-for-me.html\">Is That For Me<\/a>&#8220;, far\u00e1 uma turn\u00ea pelo Brasil a partir de amanh\u00e3 (08). Ele far\u00e1 apresenta\u00e7\u00f5es em Bel\u00e9m, Rio de Janeiro, Valinhos (SP), Florian\u00f3polis, Olinda e Salvador.<\/span><\/p>\n<p>&nbsp;<\/p>\n<p><span style=\"color: #000000;\">Confira a vers\u00e3o EDM abaixo:<\/span><\/p>\n<p>&nbsp;<\/p>\n<p><iframe loading=\"lazy\" src=\"https:\/\/www.youtube.com\/embed\/p55AlBd8XDU\" width=\"560\" height=\"315\" frameborder=\"0\" allowfullscreen=\"allowfullscreen\"><\/iframe><\/p>\n","protected":false},"excerpt":{"rendered":"<p>&nbsp; DJ Alesso divulgou hoje (7) a vers\u00e3o remix EDM de &#8220;Vai Malandra (Ft. Mc Zaac, Maejor ft. Tropkillaz, Dj Yuri)&#8220;, m\u00fasica rec\u00e9m-lan\u00e7ada de&nbsp;Anitta. A nova vers\u00e3o j\u00e1 ganhou um clipe, disponibilizado no canal oficial do artista no Youtube &nbsp; O DJ, que j\u00e1 trabalhou com a brasileira na faixa &#8220;Is That For Me&#8220;, far\u00e1&#8230;<\/p>\n","protected":false},"author":1,"featured_media":27044,"comment_status":"open","ping_status":"open","sticky":false,"template":"","format":"standard","meta":{"ngg_post_thumbnail":0,"footnotes":""},"categories":[60],"tags":[],"class_list":["post-27043","post","type-post","status-publish","format-standard","has-post-thumbnail","hentry","category-na-musica","have-post-thumb"],"_links":{"self":[{"href":"https:\/\/radio94fm.net\/site\/wp-json\/wp\/v2\/posts\/27043","targetHints":{"allow":["GET"]}}],"collection":[{"href":"https:\/\/radio94fm.net\/site\/wp-json\/wp\/v2\/posts"}],"about":[{"href":"https:\/\/radio94fm.net\/site\/wp-json\/wp\/v2\/types\/post"}],"author":[{"embeddable":true,"href":"https:\/\/radio94fm.net\/site\/wp-json\/wp\/v2\/users\/1"}],"replies":[{"embeddable":true,"href":"https:\/\/radio94fm.net\/site\/wp-json\/wp\/v2\/comments?post=27043"}],"version-history":[{"count":0,"href":"https:\/\/radio94fm.net\/site\/wp-json\/wp\/v2\/posts\/27043\/revisions"}],"wp:featuredmedia":[{"embeddable":true,"href":"https:\/\/radio94fm.net\/site\/wp-json\/wp\/v2\/media\/27044"}],"wp:attachment":[{"href":"https:\/\/radio94fm.net\/site\/wp-json\/wp\/v2\/media?parent=27043"}],"wp:term":[{"taxonomy":"category","embeddable":true,"href":"https:\/\/radio94fm.net\/site\/wp-json\/wp\/v2\/categories?post=27043"},{"taxonomy":"post_tag","embeddable":true,"href":"https:\/\/radio94fm.net\/site\/wp-json\/wp\/v2\/tags?post=27043"}],"curies":[{"name":"wp","href":"https:\/\/api.w.org\/{rel}","templated":true}]}}