{"id":26799,"date":"2018-01-18T10:05:01","date_gmt":"2018-01-18T13:05:01","guid":{"rendered":"http:\/\/www.radio94fm.net\/site\/?p=26799"},"modified":"2018-01-18T10:05:01","modified_gmt":"2018-01-18T13:05:01","slug":"cordao-da-cuca-maluca-vai-desfilar-no-domingo-de-carnaval-em-lavras","status":"publish","type":"post","link":"https:\/\/radio94fm.net\/site\/cordao-da-cuca-maluca-vai-desfilar-no-domingo-de-carnaval-em-lavras\/","title":{"rendered":"Cord\u00e3o da Cuca Maluca vai desfilar no domingo de carnaval, em Lavras"},"content":{"rendered":"<p><span style=\"color: #000000;\"><img decoding=\"async\" class=\"size-full wp-image-22209 alignleft\" src=\"https:\/\/www.radio94fm.net\/site\/wp-content\/uploads\/2016\/12\/FIQUE-POR-DENTRO-BANNER-DENTRO-2.gif\" alt=\"\" width=\"603\" height=\"&quot;80<\/p\"><\/span><\/p>\n<p>&nbsp;<\/p>\n<p>&nbsp;<\/p>\n<p>&nbsp;<\/p>\n<p>&nbsp;<\/p>\n<p>&nbsp;<\/p>\n<p><span style=\"font-weight: 400; color: #000000;\">No dia 11 de fevereiro, domingo de carnaval, a crian\u00e7ada tem um encontro marcado com a alegria e divers\u00e3o. \u00c9 que, pelo segundo ano consecutivo, vai desfilar no carnaval de Lavras, um bloco criado para as crian\u00e7as e suas fam\u00edlias, \u00e9 o Cord\u00e3o da Cuca Maluca. Clique abaixo para ouvir a mat\u00e9ria\u2026<\/span><\/p>\n<p>&nbsp;<\/p>\n<audio class=\"wp-audio-shortcode\" id=\"audio-26799-1\" preload=\"none\" style=\"width: 100%;\" controls=\"controls\"><source type=\"audio\/mpeg\" src=\"https:\/\/www.radio94fm.net\/site\/wp-content\/uploads\/2018\/01\/FPD-BLOCO-CORDAO-DA-CUCA-MALUCA-17-01-18-Pedro.mp3?_=1\" \/><a href=\"https:\/\/www.radio94fm.net\/site\/wp-content\/uploads\/2018\/01\/FPD-BLOCO-CORDAO-DA-CUCA-MALUCA-17-01-18-Pedro.mp3\">https:\/\/www.radio94fm.net\/site\/wp-content\/uploads\/2018\/01\/FPD-BLOCO-CORDAO-DA-CUCA-MALUCA-17-01-18-Pedro.mp3<\/a><\/audio>\n<p>&nbsp;<\/p>\n<p>&nbsp;<\/p>\n<p><span style=\"color: #000000;\"><img loading=\"lazy\" decoding=\"async\" class=\" wp-image-26801 alignleft\" src=\"https:\/\/www.radio94fm.net\/site\/wp-content\/uploads\/2018\/01\/16865185_1470403099671507_3956318961821350190_n-945x420.jpg\" alt=\"\" width=\"606\" height=\"269\"><\/span><\/p>\n<p><span style=\"color: #000000;\"><img loading=\"lazy\" decoding=\"async\" class=\" wp-image-23586 alignleft\" src=\"https:\/\/www.radio94fm.net\/site\/wp-content\/uploads\/2017\/05\/FIQUE-POR-DENTRO-HORARIO-6-1.gif\" alt=\"\" width=\"606\" height=\"144\"> <\/span><\/p>\n","protected":false},"excerpt":{"rendered":"<p>&nbsp; &nbsp; &nbsp; &nbsp; &nbsp; No dia 11 de fevereiro, domingo de carnaval, a crian\u00e7ada tem um encontro marcado com a alegria e divers\u00e3o. \u00c9 que, pelo segundo ano consecutivo, vai desfilar no carnaval de Lavras, um bloco criado para as crian\u00e7as e suas fam\u00edlias, \u00e9 o Cord\u00e3o da Cuca Maluca. Clique abaixo para ouvir&#8230;<\/p>\n","protected":false},"author":1,"featured_media":26801,"comment_status":"open","ping_status":"open","sticky":false,"template":"","format":"standard","meta":{"ngg_post_thumbnail":0,"footnotes":""},"categories":[54],"tags":[],"class_list":["post-26799","post","type-post","status-publish","format-standard","has-post-thumbnail","hentry","category-fique-por-dentro","have-post-thumb"],"_links":{"self":[{"href":"https:\/\/radio94fm.net\/site\/wp-json\/wp\/v2\/posts\/26799","targetHints":{"allow":["GET"]}}],"collection":[{"href":"https:\/\/radio94fm.net\/site\/wp-json\/wp\/v2\/posts"}],"about":[{"href":"https:\/\/radio94fm.net\/site\/wp-json\/wp\/v2\/types\/post"}],"author":[{"embeddable":true,"href":"https:\/\/radio94fm.net\/site\/wp-json\/wp\/v2\/users\/1"}],"replies":[{"embeddable":true,"href":"https:\/\/radio94fm.net\/site\/wp-json\/wp\/v2\/comments?post=26799"}],"version-history":[{"count":0,"href":"https:\/\/radio94fm.net\/site\/wp-json\/wp\/v2\/posts\/26799\/revisions"}],"wp:featuredmedia":[{"embeddable":true,"href":"https:\/\/radio94fm.net\/site\/wp-json\/wp\/v2\/media\/26801"}],"wp:attachment":[{"href":"https:\/\/radio94fm.net\/site\/wp-json\/wp\/v2\/media?parent=26799"}],"wp:term":[{"taxonomy":"category","embeddable":true,"href":"https:\/\/radio94fm.net\/site\/wp-json\/wp\/v2\/categories?post=26799"},{"taxonomy":"post_tag","embeddable":true,"href":"https:\/\/radio94fm.net\/site\/wp-json\/wp\/v2\/tags?post=26799"}],"curies":[{"name":"wp","href":"https:\/\/api.w.org\/{rel}","templated":true}]}}