{"id":26774,"date":"2018-01-17T09:36:51","date_gmt":"2018-01-17T12:36:51","guid":{"rendered":"http:\/\/www.radio94fm.net\/site\/?p=26774"},"modified":"2018-01-17T09:36:51","modified_gmt":"2018-01-17T12:36:51","slug":"wesley-safadao-vira-tema-de-bloco-de-carnaval","status":"publish","type":"post","link":"https:\/\/radio94fm.net\/site\/wesley-safadao-vira-tema-de-bloco-de-carnaval\/","title":{"rendered":"Wesley Safad\u00e3o vira tema de bloco de carnaval"},"content":{"rendered":"<p><img loading=\"lazy\" decoding=\"async\" class=\"aligncenter size-full wp-image-26775\" src=\"https:\/\/www.radio94fm.net\/site\/wp-content\/uploads\/2018\/01\/wesley-safadao-vai-comandar-trio-eletrico-1085912.jpg\" alt=\"\" width=\"600\" height=\"300\"><\/p>\n<p>&nbsp;<\/p>\n<p><span style=\"color: #000000;\">Dono de sucessos como&nbsp;<em>Camarote<\/em>,&nbsp;<em>Solteiro de Novo<\/em>&nbsp;e&nbsp;<em>Meu Cora\u00e7\u00e3o deu PT<\/em>,&nbsp;<strong>Wesley Safad\u00e3o<\/strong>&nbsp;tamb\u00e9m vai agitar o carnaval fluminense. O cantor virou tema do bloco&nbsp;<em>Vai Safad\u00e3o<\/em>, micareta fora de \u00e9poca que acontece no domingo, 21, no Teatro Popular de Niter\u00f3i (RJ). Com direito a um trio el\u00e9trico s\u00f3 para ele, o m\u00fasico ainda receber\u00e1&nbsp;<strong>Bell Marques<\/strong>&nbsp;para uma participa\u00e7\u00e3o especial.&nbsp;<\/span><\/p>\n","protected":false},"excerpt":{"rendered":"<p>&nbsp; Dono de sucessos como&nbsp;Camarote,&nbsp;Solteiro de Novo&nbsp;e&nbsp;Meu Cora\u00e7\u00e3o deu PT,&nbsp;Wesley Safad\u00e3o&nbsp;tamb\u00e9m vai agitar o carnaval fluminense. O cantor virou tema do bloco&nbsp;Vai Safad\u00e3o, micareta fora de \u00e9poca que acontece no domingo, 21, no Teatro Popular de Niter\u00f3i (RJ). Com direito a um trio el\u00e9trico s\u00f3 para ele, o m\u00fasico ainda receber\u00e1&nbsp;Bell Marques&nbsp;para uma participa\u00e7\u00e3o especial.&nbsp;<\/p>\n","protected":false},"author":1,"featured_media":0,"comment_status":"open","ping_status":"open","sticky":false,"template":"","format":"standard","meta":{"ngg_post_thumbnail":0,"footnotes":""},"categories":[60],"tags":[],"class_list":["post-26774","post","type-post","status-publish","format-standard","hentry","category-na-musica"],"_links":{"self":[{"href":"https:\/\/radio94fm.net\/site\/wp-json\/wp\/v2\/posts\/26774","targetHints":{"allow":["GET"]}}],"collection":[{"href":"https:\/\/radio94fm.net\/site\/wp-json\/wp\/v2\/posts"}],"about":[{"href":"https:\/\/radio94fm.net\/site\/wp-json\/wp\/v2\/types\/post"}],"author":[{"embeddable":true,"href":"https:\/\/radio94fm.net\/site\/wp-json\/wp\/v2\/users\/1"}],"replies":[{"embeddable":true,"href":"https:\/\/radio94fm.net\/site\/wp-json\/wp\/v2\/comments?post=26774"}],"version-history":[{"count":0,"href":"https:\/\/radio94fm.net\/site\/wp-json\/wp\/v2\/posts\/26774\/revisions"}],"wp:attachment":[{"href":"https:\/\/radio94fm.net\/site\/wp-json\/wp\/v2\/media?parent=26774"}],"wp:term":[{"taxonomy":"category","embeddable":true,"href":"https:\/\/radio94fm.net\/site\/wp-json\/wp\/v2\/categories?post=26774"},{"taxonomy":"post_tag","embeddable":true,"href":"https:\/\/radio94fm.net\/site\/wp-json\/wp\/v2\/tags?post=26774"}],"curies":[{"name":"wp","href":"https:\/\/api.w.org\/{rel}","templated":true}]}}