{"id":26758,"date":"2018-01-16T09:31:49","date_gmt":"2018-01-16T12:31:49","guid":{"rendered":"http:\/\/www.radio94fm.net\/site\/?p=26758"},"modified":"2018-01-16T09:31:49","modified_gmt":"2018-01-16T12:31:49","slug":"gravidissima-ivete-sangalo-lanca-musica-para-animar-os-folioes-no-carnaval","status":"publish","type":"post","link":"https:\/\/radio94fm.net\/site\/gravidissima-ivete-sangalo-lanca-musica-para-animar-os-folioes-no-carnaval\/","title":{"rendered":"Gravid\u00edssima, Ivete Sangalo lan\u00e7a m\u00fasica para animar os foli\u00f5es no carnaval"},"content":{"rendered":"<p><img loading=\"lazy\" decoding=\"async\" class=\"aligncenter size-full wp-image-26759\" src=\"https:\/\/www.radio94fm.net\/site\/wp-content\/uploads\/2018\/01\/mesmo-longe-dos-palcos-por-conta-da-reta-final-da-gravidez-ivete-sangalo-nao-vai-ficar-de-fora-do-carnaval-1085787.jpg\" alt=\"\" width=\"600\" height=\"300\" srcset=\"https:\/\/radio94fm.net\/site\/wp-content\/uploads\/2018\/01\/mesmo-longe-dos-palcos-por-conta-da-reta-final-da-gravidez-ivete-sangalo-nao-vai-ficar-de-fora-do-carnaval-1085787.jpg 600w, https:\/\/radio94fm.net\/site\/wp-content\/uploads\/2018\/01\/mesmo-longe-dos-palcos-por-conta-da-reta-final-da-gravidez-ivete-sangalo-nao-vai-ficar-de-fora-do-carnaval-1085787-300x150.jpg 300w\" sizes=\"auto, (max-width: 600px) 100vw, 600px\" \/><\/p>\n<p>&nbsp;<\/p>\n<p><span style=\"color: #000000;\">Mesmo decretando uma pausa em sua agenda para descansar e aguardar o nascimento de suas filhas g\u00eameas,&nbsp;<strong>Ivete Sangalo&nbsp;<\/strong>n\u00e3o vai deixar os seus f\u00e3s sem um hit neste Carvanal. A cantora recentemente lan\u00e7ou a m\u00fasica No Groove (Pega, Pega, pega), em parceira com M\u00e1rcio Vitor, vocalista do Psirico. &#8220;No Groove \u00e9 um pouco da vis\u00e3o do foli\u00e3o. Remete muito ao Carnaval, \u00e0s festas que acontecem nesse per\u00edodo. E eu estarei l\u00e1 em cada groove gostoso da m\u00fasica da Bahia&#8221;, brinca a musicista. A m\u00fasica j\u00e1 est\u00e1 dispon\u00edvel em todas as plataformas musicais e come\u00e7a a bombar tamb\u00e9m nas r\u00e1dios.<\/span><\/p>\n<p>&nbsp;<br \/>\n<iframe loading=\"lazy\" src=\"https:\/\/www.youtube.com\/embed\/z8ZuUNMwTgo\" width=\"640\" height=\"360\" frameborder=\"0\" allowfullscreen=\"allowfullscreen\"><\/iframe><\/p>\n","protected":false},"excerpt":{"rendered":"<p>&nbsp; Mesmo decretando uma pausa em sua agenda para descansar e aguardar o nascimento de suas filhas g\u00eameas,&nbsp;Ivete Sangalo&nbsp;n\u00e3o vai deixar os seus f\u00e3s sem um hit neste Carvanal. A cantora recentemente lan\u00e7ou a m\u00fasica No Groove (Pega, Pega, pega), em parceira com M\u00e1rcio Vitor, vocalista do Psirico. &#8220;No Groove \u00e9 um pouco da vis\u00e3o&#8230;<\/p>\n","protected":false},"author":1,"featured_media":26759,"comment_status":"open","ping_status":"open","sticky":false,"template":"","format":"standard","meta":{"ngg_post_thumbnail":0,"footnotes":""},"categories":[60],"tags":[],"class_list":["post-26758","post","type-post","status-publish","format-standard","has-post-thumbnail","hentry","category-na-musica","have-post-thumb"],"_links":{"self":[{"href":"https:\/\/radio94fm.net\/site\/wp-json\/wp\/v2\/posts\/26758","targetHints":{"allow":["GET"]}}],"collection":[{"href":"https:\/\/radio94fm.net\/site\/wp-json\/wp\/v2\/posts"}],"about":[{"href":"https:\/\/radio94fm.net\/site\/wp-json\/wp\/v2\/types\/post"}],"author":[{"embeddable":true,"href":"https:\/\/radio94fm.net\/site\/wp-json\/wp\/v2\/users\/1"}],"replies":[{"embeddable":true,"href":"https:\/\/radio94fm.net\/site\/wp-json\/wp\/v2\/comments?post=26758"}],"version-history":[{"count":0,"href":"https:\/\/radio94fm.net\/site\/wp-json\/wp\/v2\/posts\/26758\/revisions"}],"wp:featuredmedia":[{"embeddable":true,"href":"https:\/\/radio94fm.net\/site\/wp-json\/wp\/v2\/media\/26759"}],"wp:attachment":[{"href":"https:\/\/radio94fm.net\/site\/wp-json\/wp\/v2\/media?parent=26758"}],"wp:term":[{"taxonomy":"category","embeddable":true,"href":"https:\/\/radio94fm.net\/site\/wp-json\/wp\/v2\/categories?post=26758"},{"taxonomy":"post_tag","embeddable":true,"href":"https:\/\/radio94fm.net\/site\/wp-json\/wp\/v2\/tags?post=26758"}],"curies":[{"name":"wp","href":"https:\/\/api.w.org\/{rel}","templated":true}]}}