{"id":26673,"date":"2018-01-10T10:04:09","date_gmt":"2018-01-10T13:04:09","guid":{"rendered":"http:\/\/www.radio94fm.net\/site\/?p=26673"},"modified":"2018-01-10T10:04:09","modified_gmt":"2018-01-10T13:04:09","slug":"carlinhos-brown-o-adulto-nao-aceita-uma-negativa-tao-bem-quanto-uma-crianca","status":"publish","type":"post","link":"https:\/\/radio94fm.net\/site\/carlinhos-brown-o-adulto-nao-aceita-uma-negativa-tao-bem-quanto-uma-crianca\/","title":{"rendered":"Carlinhos Brown: \u201cO adulto n\u00e3o aceita uma negativa t\u00e3o bem quanto uma crian\u00e7a\u201d"},"content":{"rendered":"<p><span style=\"color: #000000;\"><img loading=\"lazy\" decoding=\"async\" class=\"aligncenter size-full wp-image-26674\" src=\"https:\/\/www.radio94fm.net\/site\/wp-content\/uploads\/2018\/01\/carlinhos-brown-retorna-a-telinha-mais-uma-vez-como-jurado-do-the-voice-kids-1085116.jpg\" alt=\"\" width=\"600\" height=\"300\" srcset=\"https:\/\/radio94fm.net\/site\/wp-content\/uploads\/2018\/01\/carlinhos-brown-retorna-a-telinha-mais-uma-vez-como-jurado-do-the-voice-kids-1085116.jpg 600w, https:\/\/radio94fm.net\/site\/wp-content\/uploads\/2018\/01\/carlinhos-brown-retorna-a-telinha-mais-uma-vez-como-jurado-do-the-voice-kids-1085116-300x150.jpg 300w\" sizes=\"auto, (max-width: 600px) 100vw, 600px\" \/><\/span><\/p>\n<p>&nbsp;<\/p>\n<p><span style=\"color: #000000;\">Prepare-se para muita, mas muita fofura porque as cadeiras vermelhas do&nbsp;<em>The Voice Kids<\/em>&nbsp;j\u00e1 est\u00e3o prontinhas para girar na sua telinha a partir de 3 de janeiro. Os pequenos, dessa vez, v\u00e3o ganhar a companhia de novos t\u00e9cnicos. Al\u00e9m de&nbsp;<strong>Carlinhos Brown<\/strong>, que volta para a sua terceira temporada, as crian\u00e7as tamb\u00e9m v\u00e3o lutar para conquistar a aten\u00e7\u00e3o de&nbsp;<strong>Claudia Leitte<\/strong>&nbsp;e das irm\u00e3s&nbsp;<strong>Simone<\/strong>&nbsp;e&nbsp;<strong>Simaria<\/strong>.<\/span><\/p>\n<p>&nbsp;<\/p>\n<p><span style=\"color: #000000;\">Quando a situa\u00e7\u00e3o aperta, as tr\u00eas confessam que correm para pedir ajuda a&nbsp;<strong>Carlinhos Brown<\/strong>, considerado um paiz\u00e3o pela galera. \u201cEu tamb\u00e9m tive um mestre na inf\u00e2ncia e sei como isso \u00e9 importante\u201d, rememora o \u00eddolo.<\/span><\/p>\n<p>&nbsp;<\/p>\n<p><span style=\"color: #000000;\"><strong>TITITI \u2013 Costuma assistir ao&nbsp;<em>The Voice<\/em>&nbsp;de outros pa\u00edses?<\/strong><\/span><br \/>\n<span style=\"color: #000000;\"> <strong>Carlinhos Brown<\/strong>&nbsp;\u2013N\u00e3o que seja uma falta de respeito com os outros programas, mas sou muito influenci\u00e1vel. N\u00e3o quero ver o que andam fazendo por l\u00e1 para n\u00e3o me deixar levar. Quero me manter o mais original poss\u00edvel. Te juro que o dia que eu sair daqui, vou assistir!<\/span><\/p>\n<p>&nbsp;<\/p>\n<p><span style=\"color: #000000;\"><strong>Prefere lidar com os gradinhos ou com os baixinhos?<\/strong><\/span><br \/>\n<span style=\"color: #000000;\"> Todos s\u00e3o desafiadores, mas existem diferen\u00e7as. O adulto n\u00e3o aceita a negativa t\u00e3o bem quanto uma crian\u00e7a. Na maioria das vezes, sai mais chateado. A crian\u00e7a realmente tem uma capacidade de superar melhor tudo isso.<\/span><\/p>\n<p>&nbsp;<\/p>\n<p><span style=\"color: #000000;\"><strong>Como \u00e9 dividir o palco com tantas mulheres?<\/strong><\/span><br \/>\n<span style=\"color: #000000;\"> Somos nascidos em uma sociedade matriarcal e isso dispensa uma aten\u00e7\u00e3o maior. A mulher que faz com que as coisas aconte\u00e7am da melhor forma poss\u00edvel. A presen\u00e7a da crian\u00e7a faz com que se instale o amor dentro desse tempo e ela vira o grande l\u00edder. A maternidade \u00e9 incr\u00edvel.<\/span><\/p>\n<p>&nbsp;<\/p>\n<p><span style=\"color: #000000;\"><strong>\u00c9 dif\u00edcil segurar a emo\u00e7\u00e3o?<\/strong><\/span><br \/>\n<span style=\"color: #000000;\"> Tem um cl\u00e1ssico do sertanejo que classifica bem o&nbsp;<em>The Voice Kids<\/em>: \u201cvou chorar, desculpe, mas eu vou chorar\u201d. N\u00e3o tem como n\u00e3o chorar. Agrade\u00e7o a oportunidade de estar no lugar certo, aqui todo dia \u00e9 dia de aprender. As crian\u00e7as nos surpreendem!<\/span><\/p>\n<p>&nbsp;<\/p>\n<p><span style=\"color: #000000;\"><strong>Os pequenos seguem em contato com voc\u00eas depois do programa?<\/strong><\/span><br \/>\n<span style=\"color: #000000;\"> Sim, \u00e9 bom demais essa amizade que a gente ganha com os pa\u00eds tamb\u00e9m. O pai da&nbsp;<strong>Valentina Francisco<\/strong>&nbsp;[finalista da segunda edi\u00e7\u00e3o] liga todo emocionado e continua torcendo! Fora que eles tamb\u00e9m promovem encontros que nos deixam bastante satisfeitos.<\/span><\/p>\n<p>&nbsp;<\/p>\n<p><span style=\"color: #000000;\"><strong>N\u00e3o s\u00f3 os adultos que curtem o programa, muitas crian\u00e7as se amarram em acompanham o The Voice Kids&#8230;<\/strong><\/span><br \/>\n<span style=\"color: #000000;\"> Quando come\u00e7amos com a atra\u00e7\u00e3o, algumas crian\u00e7as que hoje est\u00e3o com a gente aqui na competi\u00e7\u00e3o [eles j\u00e1 gravaram os epis\u00f3dios de Audi\u00e7\u00f5es \u00e0s Cegas] tinham apenas seis aninhos na estreia. Com o tempo, n\u00e3o s\u00f3 criaram ainda mais interesse pela m\u00fasica como tamb\u00e9m ganharam confian\u00e7a no programa e viram nele um palco realmente feito para esse sonho coletivo.<\/span><\/p>\n<p>&nbsp;<\/p>\n","protected":false},"excerpt":{"rendered":"<p>&nbsp; Prepare-se para muita, mas muita fofura porque as cadeiras vermelhas do&nbsp;The Voice Kids&nbsp;j\u00e1 est\u00e3o prontinhas para girar na sua telinha a partir de 3 de janeiro. Os pequenos, dessa vez, v\u00e3o ganhar a companhia de novos t\u00e9cnicos. Al\u00e9m de&nbsp;Carlinhos Brown, que volta para a sua terceira temporada, as crian\u00e7as tamb\u00e9m v\u00e3o lutar para conquistar&#8230;<\/p>\n","protected":false},"author":1,"featured_media":26674,"comment_status":"open","ping_status":"open","sticky":false,"template":"","format":"standard","meta":{"ngg_post_thumbnail":0,"footnotes":""},"categories":[60],"tags":[],"class_list":["post-26673","post","type-post","status-publish","format-standard","has-post-thumbnail","hentry","category-na-musica","have-post-thumb"],"_links":{"self":[{"href":"https:\/\/radio94fm.net\/site\/wp-json\/wp\/v2\/posts\/26673","targetHints":{"allow":["GET"]}}],"collection":[{"href":"https:\/\/radio94fm.net\/site\/wp-json\/wp\/v2\/posts"}],"about":[{"href":"https:\/\/radio94fm.net\/site\/wp-json\/wp\/v2\/types\/post"}],"author":[{"embeddable":true,"href":"https:\/\/radio94fm.net\/site\/wp-json\/wp\/v2\/users\/1"}],"replies":[{"embeddable":true,"href":"https:\/\/radio94fm.net\/site\/wp-json\/wp\/v2\/comments?post=26673"}],"version-history":[{"count":0,"href":"https:\/\/radio94fm.net\/site\/wp-json\/wp\/v2\/posts\/26673\/revisions"}],"wp:featuredmedia":[{"embeddable":true,"href":"https:\/\/radio94fm.net\/site\/wp-json\/wp\/v2\/media\/26674"}],"wp:attachment":[{"href":"https:\/\/radio94fm.net\/site\/wp-json\/wp\/v2\/media?parent=26673"}],"wp:term":[{"taxonomy":"category","embeddable":true,"href":"https:\/\/radio94fm.net\/site\/wp-json\/wp\/v2\/categories?post=26673"},{"taxonomy":"post_tag","embeddable":true,"href":"https:\/\/radio94fm.net\/site\/wp-json\/wp\/v2\/tags?post=26673"}],"curies":[{"name":"wp","href":"https:\/\/api.w.org\/{rel}","templated":true}]}}