{"id":26266,"date":"2017-12-04T06:38:29","date_gmt":"2017-12-04T09:38:29","guid":{"rendered":"http:\/\/www.radio94fm.net\/site\/?p=26266"},"modified":"2017-12-04T06:38:29","modified_gmt":"2017-12-04T09:38:29","slug":"1o-de-dezembro-dia-internacional-de-combate-a-aids","status":"publish","type":"post","link":"https:\/\/radio94fm.net\/site\/1o-de-dezembro-dia-internacional-de-combate-a-aids\/","title":{"rendered":"1\u00ba de Dezembro- Dia Internacional de Combate a Aids"},"content":{"rendered":"<p><span style=\"color: #000000;\"><img decoding=\"async\" class=\"size-full wp-image-22209 alignleft\" src=\"https:\/\/www.radio94fm.net\/site\/wp-content\/uploads\/2016\/12\/FIQUE-POR-DENTRO-BANNER-DENTRO-2.gif\" alt=\"\" width=\"603\" height=\"&quot;80<\/p\"><\/span><br \/>\n&nbsp;<br \/>\n&nbsp;<br \/>\n&nbsp;<br \/>\n&nbsp;<br \/>\n<span style=\"color: #000000;\">Transformar o 1\u00ba de Dezembro em Dia Mundial de Luta Contra a Aids foi uma decis\u00e3o da Assembl\u00e9ia Mundial de Sa\u00fade, em Outubro de 1987, com apoio da Organiza\u00e7\u00e3o das Na\u00e7\u00f5es Unidas \u2013 ONU. A data serve para refor\u00e7ar a toler\u00e2ncia, a compaix\u00e3o e a compreens\u00e3o com as pessoas infectadas pelo HIV, v\u00edrus que ataca as c\u00e9lulas do sistema imunol\u00f3gico, destruindo os gl\u00f3bulos brancos. a falta desses linf\u00f3citos diminui a capacidade do organismo de se defender de doen\u00e7as oportunistas, causadas por microorganismos que normalmente n\u00e3o s\u00e3o capazes de desencadear males em pessoas com sistema imune normal. Segundo a enfermeira, Gilza Carvalho, o HIV \u00e9 transmitido atrav\u00e9s da rela\u00e7\u00e3o sexual desprotegida.<\/span><br \/>\n&nbsp;<br \/>\n&nbsp;<br \/>\n<audio class=\"wp-audio-shortcode\" id=\"audio-26266-1\" preload=\"none\" style=\"width: 100%;\" controls=\"controls\"><source type=\"audio\/mpeg\" src=\"https:\/\/www.radio94fm.net\/site\/wp-content\/uploads\/2017\/11\/FPD-MUDANCAS-NO-TRANSP.-COLETIVO-29-11-17-Magu.mp3?_=1\" \/><a href=\"https:\/\/www.radio94fm.net\/site\/wp-content\/uploads\/2017\/11\/FPD-MUDANCAS-NO-TRANSP.-COLETIVO-29-11-17-Magu.mp3\">https:\/\/www.radio94fm.net\/site\/wp-content\/uploads\/2017\/11\/FPD-MUDANCAS-NO-TRANSP.-COLETIVO-29-11-17-Magu.mp3<\/a><\/audio><br \/>\n&nbsp;<br \/>\n&nbsp;<br \/>\n<figure id=\"attachment_26282\" aria-describedby=\"caption-attachment-26282\" style=\"width: 300px\" class=\"wp-caption aligncenter\"><img loading=\"lazy\" decoding=\"async\" src=\"https:\/\/www.radio94fm.net\/site\/wp-content\/uploads\/2017\/12\/rsz_teste_aids_festas.jpg\" alt=\"\" width=\"300\" height=\"153\" class=\"size-full wp-image-26282\" \/><figcaption id=\"caption-attachment-26282\" class=\"wp-caption-text\">(Foto: Reprodu\u00e7\u00e3o &#8211; Guia do Turismo Brasil)<\/figcaption><\/figure><br \/>\n&nbsp;<br \/>\n&nbsp;<br \/>\n<span style=\"color: #000000;\"><img loading=\"lazy\" decoding=\"async\" class=\" wp-image-23586 alignleft\" src=\"https:\/\/www.radio94fm.net\/site\/wp-content\/uploads\/2017\/05\/FIQUE-POR-DENTRO-HORARIO-6-1.gif\" alt=\"\" width=\"606\" height=\"144\"> <\/span><\/p>\n","protected":false},"excerpt":{"rendered":"<p>&nbsp; &nbsp; &nbsp; &nbsp; Transformar o 1\u00ba de Dezembro em Dia Mundial de Luta Contra a Aids foi uma decis\u00e3o da Assembl\u00e9ia Mundial de Sa\u00fade, em Outubro de 1987, com apoio da Organiza\u00e7\u00e3o das Na\u00e7\u00f5es Unidas \u2013 ONU. A data serve para refor\u00e7ar a toler\u00e2ncia, a compaix\u00e3o e a compreens\u00e3o com as pessoas infectadas pelo&#8230;<\/p>\n","protected":false},"author":1,"featured_media":0,"comment_status":"open","ping_status":"open","sticky":false,"template":"","format":"standard","meta":{"ngg_post_thumbnail":0,"footnotes":""},"categories":[54],"tags":[],"class_list":["post-26266","post","type-post","status-publish","format-standard","hentry","category-fique-por-dentro"],"_links":{"self":[{"href":"https:\/\/radio94fm.net\/site\/wp-json\/wp\/v2\/posts\/26266","targetHints":{"allow":["GET"]}}],"collection":[{"href":"https:\/\/radio94fm.net\/site\/wp-json\/wp\/v2\/posts"}],"about":[{"href":"https:\/\/radio94fm.net\/site\/wp-json\/wp\/v2\/types\/post"}],"author":[{"embeddable":true,"href":"https:\/\/radio94fm.net\/site\/wp-json\/wp\/v2\/users\/1"}],"replies":[{"embeddable":true,"href":"https:\/\/radio94fm.net\/site\/wp-json\/wp\/v2\/comments?post=26266"}],"version-history":[{"count":0,"href":"https:\/\/radio94fm.net\/site\/wp-json\/wp\/v2\/posts\/26266\/revisions"}],"wp:attachment":[{"href":"https:\/\/radio94fm.net\/site\/wp-json\/wp\/v2\/media?parent=26266"}],"wp:term":[{"taxonomy":"category","embeddable":true,"href":"https:\/\/radio94fm.net\/site\/wp-json\/wp\/v2\/categories?post=26266"},{"taxonomy":"post_tag","embeddable":true,"href":"https:\/\/radio94fm.net\/site\/wp-json\/wp\/v2\/tags?post=26266"}],"curies":[{"name":"wp","href":"https:\/\/api.w.org\/{rel}","templated":true}]}}