{"id":25418,"date":"2017-08-10T16:45:24","date_gmt":"2017-08-10T19:45:24","guid":{"rendered":"http:\/\/www.radio94fm.net\/site\/?p=25418"},"modified":"2017-08-10T16:45:24","modified_gmt":"2017-08-10T19:45:24","slug":"na-proxima-semana-acontece-o-arraia-do-cajuru-do-servo","status":"publish","type":"post","link":"https:\/\/radio94fm.net\/site\/na-proxima-semana-acontece-o-arraia-do-cajuru-do-servo\/","title":{"rendered":"Na pr\u00f3xima semana acontece o Arrai\u00e1 do Cajuru do Servo"},"content":{"rendered":"<p><img decoding=\"async\" class=\"size-full wp-image-22209 alignleft\" src=\"https:\/\/www.radio94fm.net\/site\/wp-content\/uploads\/2016\/12\/FIQUE-POR-DENTRO-BANNER-DENTRO-2.gif\" alt=\"\" width=\"603\" height=\"&quot;80<\/p\">\n<p>&nbsp;<\/p>\n<p>&nbsp;<\/p>\n<p>&nbsp;<\/p>\n<p>&nbsp;<\/p>\n<p>&nbsp;<\/p>\n<p><span style=\"font-weight: 400;\">No pr\u00f3ximo dia 19, s\u00e1bado, acontecer\u00e1 o tradicional Arrai\u00e1 da comunidade rural do Cajuru do Servo, que neste ano est\u00e1 sendo promovido pelo grupo de ora\u00e7\u00e3o Movidos Pelo Esp\u00edrito Santo. Clique abaixo para ouvir a mat\u00e9ria\u2026<\/span><\/p>\n<p>&nbsp;<\/p>\n<audio class=\"wp-audio-shortcode\" id=\"audio-25418-1\" preload=\"none\" style=\"width: 100%;\" controls=\"controls\"><source type=\"audio\/mpeg\" src=\"https:\/\/www.radio94fm.net\/site\/wp-content\/uploads\/2017\/08\/FPD-ARRAIA-DO-CAJURU-09-08-17-Pedro.mp3?_=1\" \/><a href=\"https:\/\/www.radio94fm.net\/site\/wp-content\/uploads\/2017\/08\/FPD-ARRAIA-DO-CAJURU-09-08-17-Pedro.mp3\">https:\/\/www.radio94fm.net\/site\/wp-content\/uploads\/2017\/08\/FPD-ARRAIA-DO-CAJURU-09-08-17-Pedro.mp3<\/a><\/audio>\n<p>&nbsp;<\/p>\n<p>&nbsp;<\/p>\n<p><img loading=\"lazy\" decoding=\"async\" class=\" wp-image-25419 alignleft\" src=\"https:\/\/www.radio94fm.net\/site\/wp-content\/uploads\/2017\/08\/1-8.jpg\" alt=\"\" width=\"604\" height=\"453\" srcset=\"https:\/\/radio94fm.net\/site\/wp-content\/uploads\/2017\/08\/1-8.jpg 1600w, https:\/\/radio94fm.net\/site\/wp-content\/uploads\/2017\/08\/1-8-300x225.jpg 300w, https:\/\/radio94fm.net\/site\/wp-content\/uploads\/2017\/08\/1-8-1024x768.jpg 1024w, https:\/\/radio94fm.net\/site\/wp-content\/uploads\/2017\/08\/1-8-768x576.jpg 768w, https:\/\/radio94fm.net\/site\/wp-content\/uploads\/2017\/08\/1-8-1536x1152.jpg 1536w\" sizes=\"auto, (max-width: 604px) 100vw, 604px\" \/><\/p>\n<p><img loading=\"lazy\" decoding=\"async\" class=\" wp-image-23586 alignleft\" src=\"https:\/\/www.radio94fm.net\/site\/wp-content\/uploads\/2017\/05\/FIQUE-POR-DENTRO-HORARIO-6-1.gif\" alt=\"\" width=\"606\" height=\"144\"><\/p>\n","protected":false},"excerpt":{"rendered":"<p>&nbsp; &nbsp; &nbsp; &nbsp; &nbsp; No pr\u00f3ximo dia 19, s\u00e1bado, acontecer\u00e1 o tradicional Arrai\u00e1 da comunidade rural do Cajuru do Servo, que neste ano est\u00e1 sendo promovido pelo grupo de ora\u00e7\u00e3o Movidos Pelo Esp\u00edrito Santo. Clique abaixo para ouvir a mat\u00e9ria\u2026 &nbsp; &nbsp; &nbsp;<\/p>\n","protected":false},"author":1,"featured_media":25419,"comment_status":"open","ping_status":"open","sticky":false,"template":"","format":"standard","meta":{"ngg_post_thumbnail":0,"footnotes":""},"categories":[54],"tags":[],"class_list":["post-25418","post","type-post","status-publish","format-standard","has-post-thumbnail","hentry","category-fique-por-dentro","have-post-thumb"],"_links":{"self":[{"href":"https:\/\/radio94fm.net\/site\/wp-json\/wp\/v2\/posts\/25418","targetHints":{"allow":["GET"]}}],"collection":[{"href":"https:\/\/radio94fm.net\/site\/wp-json\/wp\/v2\/posts"}],"about":[{"href":"https:\/\/radio94fm.net\/site\/wp-json\/wp\/v2\/types\/post"}],"author":[{"embeddable":true,"href":"https:\/\/radio94fm.net\/site\/wp-json\/wp\/v2\/users\/1"}],"replies":[{"embeddable":true,"href":"https:\/\/radio94fm.net\/site\/wp-json\/wp\/v2\/comments?post=25418"}],"version-history":[{"count":0,"href":"https:\/\/radio94fm.net\/site\/wp-json\/wp\/v2\/posts\/25418\/revisions"}],"wp:featuredmedia":[{"embeddable":true,"href":"https:\/\/radio94fm.net\/site\/wp-json\/wp\/v2\/media\/25419"}],"wp:attachment":[{"href":"https:\/\/radio94fm.net\/site\/wp-json\/wp\/v2\/media?parent=25418"}],"wp:term":[{"taxonomy":"category","embeddable":true,"href":"https:\/\/radio94fm.net\/site\/wp-json\/wp\/v2\/categories?post=25418"},{"taxonomy":"post_tag","embeddable":true,"href":"https:\/\/radio94fm.net\/site\/wp-json\/wp\/v2\/tags?post=25418"}],"curies":[{"name":"wp","href":"https:\/\/api.w.org\/{rel}","templated":true}]}}