{"id":25120,"date":"2017-06-14T14:41:30","date_gmt":"2017-06-14T17:41:30","guid":{"rendered":"http:\/\/www.radio94fm.net\/site\/?p=25120"},"modified":"2017-06-14T14:41:30","modified_gmt":"2017-06-14T17:41:30","slug":"fa-joga-garrafa-em-justin-bieber-apos-cantor-falar-que-nao-sabe-cantar-despacito","status":"publish","type":"post","link":"https:\/\/radio94fm.net\/site\/fa-joga-garrafa-em-justin-bieber-apos-cantor-falar-que-nao-sabe-cantar-despacito\/","title":{"rendered":"F\u00e3 joga garrafa em Justin Bieber, ap\u00f3s cantor falar que n\u00e3o sabe cantar &#8220;Despacito&#8221;"},"content":{"rendered":"<p><span style=\"color: #000000;\"><img loading=\"lazy\" decoding=\"async\" class=\"size-full wp-image-25121 alignleft\" src=\"https:\/\/www.radio94fm.net\/site\/wp-content\/uploads\/2017\/06\/120501w250.jpg\" alt=\"\" width=\"250\" height=\"242\"><\/span><\/p>\n<p><span style=\"color: #000000;\">Justin Bieber gravou uma participa\u00e7\u00e3o no remix de &#8220;Despacito&#8221;, m\u00fasica de Luis Fonsi e Daddy Yankee. A can\u00e7\u00e3o se tornou um grande sucesso mundial, no entanto, por incluir versos em espanhol, o canadense n\u00e3o canta a m\u00fasica ao vivo.<\/span><\/p>\n<p>&nbsp;<\/p>\n<p><span style=\"color: #000000;\">Durante um show no festival Summerburst, na Su\u00e9cia, o p\u00fablico ficou insistindo para que o astro pop apresentasse o hit latino ao vivo, mas ele negou afirmando que n\u00e3o sabia cantar os versos em espanhol da faixa.<\/span><\/p>\n<p>&nbsp;<\/p>\n<p><span style=\"color: #000000;\">&#8220;Eu n\u00e3o sei cantar &#8216;Despacito&#8217;, n\u00e3o sei falar as palavras&#8221;, disse o m\u00fasico desculpando-se para a plateia. Em seguida, um f\u00e3 jogou uma garrafa de \u00e1gua em dire\u00e7\u00e3o ao Bieber, que conseguiu desviar do objeto e pediu para que ningu\u00e9m ficasse jogando objetos contra ele.<\/span><\/p>\n<p>&nbsp;<\/p>\n<p><span style=\"color: #000000;\">Confira o v\u00eddeo do momento:<\/span><\/p>\n<p>&nbsp;<\/p>\n<p><iframe loading=\"lazy\" src=\"https:\/\/www.youtube.com\/embed\/beePvCPurTk\" width=\"560\" height=\"316\" frameborder=\"0\" allowfullscreen=\"allowfullscreen\"><\/iframe><\/p>\n","protected":false},"excerpt":{"rendered":"<p>Justin Bieber gravou uma participa\u00e7\u00e3o no remix de &#8220;Despacito&#8221;, m\u00fasica de Luis Fonsi e Daddy Yankee. A can\u00e7\u00e3o se tornou um grande sucesso mundial, no entanto, por incluir versos em espanhol, o canadense n\u00e3o canta a m\u00fasica ao vivo. &nbsp; Durante um show no festival Summerburst, na Su\u00e9cia, o p\u00fablico ficou insistindo para que o&#8230;<\/p>\n","protected":false},"author":1,"featured_media":25123,"comment_status":"open","ping_status":"open","sticky":false,"template":"","format":"standard","meta":{"ngg_post_thumbnail":0,"footnotes":""},"categories":[60],"tags":[],"class_list":["post-25120","post","type-post","status-publish","format-standard","has-post-thumbnail","hentry","category-na-musica","have-post-thumb"],"_links":{"self":[{"href":"https:\/\/radio94fm.net\/site\/wp-json\/wp\/v2\/posts\/25120","targetHints":{"allow":["GET"]}}],"collection":[{"href":"https:\/\/radio94fm.net\/site\/wp-json\/wp\/v2\/posts"}],"about":[{"href":"https:\/\/radio94fm.net\/site\/wp-json\/wp\/v2\/types\/post"}],"author":[{"embeddable":true,"href":"https:\/\/radio94fm.net\/site\/wp-json\/wp\/v2\/users\/1"}],"replies":[{"embeddable":true,"href":"https:\/\/radio94fm.net\/site\/wp-json\/wp\/v2\/comments?post=25120"}],"version-history":[{"count":0,"href":"https:\/\/radio94fm.net\/site\/wp-json\/wp\/v2\/posts\/25120\/revisions"}],"wp:featuredmedia":[{"embeddable":true,"href":"https:\/\/radio94fm.net\/site\/wp-json\/wp\/v2\/media\/25123"}],"wp:attachment":[{"href":"https:\/\/radio94fm.net\/site\/wp-json\/wp\/v2\/media?parent=25120"}],"wp:term":[{"taxonomy":"category","embeddable":true,"href":"https:\/\/radio94fm.net\/site\/wp-json\/wp\/v2\/categories?post=25120"},{"taxonomy":"post_tag","embeddable":true,"href":"https:\/\/radio94fm.net\/site\/wp-json\/wp\/v2\/tags?post=25120"}],"curies":[{"name":"wp","href":"https:\/\/api.w.org\/{rel}","templated":true}]}}